{"id":11010,"date":"2012-03-01T14:29:52","date_gmt":"2012-03-01T13:29:52","guid":{"rendered":"https:\/\/blogs.fu-berlin.de\/bibliotheken\/?p=11010"},"modified":"2012-04-13T14:33:26","modified_gmt":"2012-04-13T13:33:26","slug":"link-des-monats-marz-2012-euscreen","status":"publish","type":"post","link":"https:\/\/blogs.fu-berlin.de\/bibliotheken\/2012\/03\/01\/link-des-monats-marz-2012-euscreen\/","title":{"rendered":"Link des Monats M\u00e4rz 2012: EUscreen"},"content":{"rendered":"<p>Ein Projekt, das sich dem europ\u00e4ischen Fernseh-Kultur-Erbe und den darin verborgenen audiovisuellen Sch\u00e4tzen auf die Fahnen geschrieben hat, ist unser <a href=\"https:\/\/www.ub.fu-berlin.de\/service_neu\/linktipp\/1203.html\">Link des Monats M\u00e4rz 2012<\/a> \u2013 EUscreen. Die Beta-Version von EUscreen erm\u00f6glicht den freien Zugriff auf Text-, Audio-, Bild- und Videodokumente europ\u00e4ischer Rundfunkanstalten und Fernseharchive. Das Portal wird von der Europ\u00e4ischen Kommission gef\u00f6rdert und beinhaltet etwa 30.000 Programminhalte und -informationen vom Beginn des 20. Jahrhunderts bis in die Gegenwart.<\/p>\n","protected":false},"excerpt":{"rendered":"<p>Ein Projekt, das sich dem europ\u00e4ischen Fernseh-Kultur-Erbe und den darin verborgenen audiovisuellen Sch\u00e4tzen auf die Fahnen geschrieben hat, ist unser Link des Monats M\u00e4rz 2012 \u2013 EUscreen. Die Beta-Version von EUscreen erm\u00f6glicht den freien Zugriff auf Text-, Audio-, Bild- und Videodokumente europ\u00e4ischer Rundfunkanstalten und Fernseharchive. Das Portal wird von der Europ\u00e4ischen Kommission gef\u00f6rdert und beinhaltet &hellip; <a href=\"https:\/\/blogs.fu-berlin.de\/bibliotheken\/2012\/03\/01\/link-des-monats-marz-2012-euscreen\/\" class=\"more-link\"><span class=\"screen-reader-text\">\u201eLink des Monats M\u00e4rz 2012: EUscreen\u201c<\/span> weiterlesen<\/a><\/p>\n","protected":false},"author":293,"featured_media":0,"comment_status":"open","ping_status":"open","sticky":false,"template":"","format":"standard","meta":{"footnotes":""},"categories":[9,604],"tags":[3026,537],"class_list":["post-11010","post","type-post","status-publish","format-standard","hentry","category-allgemein","category-ins-netz-geschaut","tag-euscreen","tag-link-des-monats"],"_links":{"self":[{"href":"https:\/\/blogs.fu-berlin.de\/bibliotheken\/wp-json\/wp\/v2\/posts\/11010","targetHints":{"allow":["GET"]}}],"collection":[{"href":"https:\/\/blogs.fu-berlin.de\/bibliotheken\/wp-json\/wp\/v2\/posts"}],"about":[{"href":"https:\/\/blogs.fu-berlin.de\/bibliotheken\/wp-json\/wp\/v2\/types\/post"}],"author":[{"embeddable":true,"href":"https:\/\/blogs.fu-berlin.de\/bibliotheken\/wp-json\/wp\/v2\/users\/293"}],"replies":[{"embeddable":true,"href":"https:\/\/blogs.fu-berlin.de\/bibliotheken\/wp-json\/wp\/v2\/comments?post=11010"}],"version-history":[{"count":2,"href":"https:\/\/blogs.fu-berlin.de\/bibliotheken\/wp-json\/wp\/v2\/posts\/11010\/revisions"}],"predecessor-version":[{"id":11012,"href":"https:\/\/blogs.fu-berlin.de\/bibliotheken\/wp-json\/wp\/v2\/posts\/11010\/revisions\/11012"}],"wp:attachment":[{"href":"https:\/\/blogs.fu-berlin.de\/bibliotheken\/wp-json\/wp\/v2\/media?parent=11010"}],"wp:term":[{"taxonomy":"category","embeddable":true,"href":"https:\/\/blogs.fu-berlin.de\/bibliotheken\/wp-json\/wp\/v2\/categories?post=11010"},{"taxonomy":"post_tag","embeddable":true,"href":"https:\/\/blogs.fu-berlin.de\/bibliotheken\/wp-json\/wp\/v2\/tags?post=11010"}],"curies":[{"name":"wp","href":"https:\/\/api.w.org\/{rel}","templated":true}]}}