{"id":11152,"date":"2012-04-27T14:27:44","date_gmt":"2012-04-27T13:27:44","guid":{"rendered":"https:\/\/blogs.fu-berlin.de\/bibliotheken\/?p=11152"},"modified":"2012-04-27T14:27:45","modified_gmt":"2012-04-27T13:27:45","slug":"floras-schatze-sonderausstellung-im-botanischen-garten","status":"publish","type":"post","link":"https:\/\/blogs.fu-berlin.de\/bibliotheken\/2012\/04\/27\/floras-schatze-sonderausstellung-im-botanischen-garten\/","title":{"rendered":"Floras Sch\u00e4tze &#8211; Sonderausstellung im Botanischen Garten"},"content":{"rendered":"<p><a rel=\"attachment wp-att-11159\" href=\"https:\/\/blogs.fu-berlin.de\/bibliotheken\/2012\/04\/27\/floras-schatze-sonderausstellung-im-botanischen-garten\/flora\/\"><img loading=\"lazy\" decoding=\"async\" class=\"alignright size-full wp-image-11159\" title=\"flora\" src=\"https:\/\/blogs.fu-berlin.de\/bibliotheken\/files\/2012\/04\/flora.jpg\" alt=\"\" width=\"200\" height=\"200\" srcset=\"https:\/\/blogs.fu-berlin.de\/bibliotheken\/files\/2012\/04\/flora.jpg 200w, https:\/\/blogs.fu-berlin.de\/bibliotheken\/files\/2012\/04\/flora-150x150.jpg 150w\" sizes=\"auto, (max-width: 200px) 85vw, 200px\" \/><\/a>Die pflanzliche Vielfalt unseres Planeten ist \u00fcberw\u00e4ltigend. Seit mehr als 400 Jahren bem\u00fchen sich Botaniker immer wieder aufs Neue, diese Kontinente, Klimazonen und Lebensr\u00e4ume \u00fcberspannende F\u00fclle zu erfassen. Das Verfassen von Florenwerken geh\u00f6rt deshalb zu den grundlegenden Aufgaben der Biodiversit\u00e4tsforschung.<\/p>\n<p>Die Ausstellung<a href=\"https:\/\/www.bgbm.org\/bgbm\/museum\/expo\/2012\/default.htm\"> &#8222;Floras Sch\u00e4tze &#8211; Die Erfassung der gr\u00fcnen Welt&#8220;<\/a> im Botanischen Museum im Botanischen Garten (BGBM)  Berlin-Dahlem informiert vom 27. April 2012 bis 24. Februar 2013 \u00fcber wichtige Florenprojekten.<\/p>\n<p>F\u00fcr diese Ausstellung hat die Bibliothek des BGBM 80 bibliophile Kostbarkeiten ins eigene Haus ausgeliehen. Die B\u00fccher stellen die Ergebnisse der botanischen Forschungsarbeit dar. Die Ausstellung zeigt unter anderem Florenwerke aus 5 Jahrhunderten.<\/p>\n<p>Ein zum Ausstellungsthema konzipierter <a href=\"https:\/\/www.bgbm.org\/bgbm\/museum\/expo\/2012\/05.htm\">Florenpfad<\/a> l\u00e4dt zu einem Spaziergang in 15 verschiedene Weltgegenden ein.<\/p>\n<h6>Dank f\u00fcr dieses Posting an Karin Oehme, Bibliothekarische Leiterin der Bibliothek des BGBM<\/h6>\n","protected":false},"excerpt":{"rendered":"<p>Die pflanzliche Vielfalt unseres Planeten ist \u00fcberw\u00e4ltigend. Seit mehr als 400 Jahren bem\u00fchen sich Botaniker immer wieder aufs Neue, diese Kontinente, Klimazonen und Lebensr\u00e4ume \u00fcberspannende F\u00fclle zu erfassen. Das Verfassen von Florenwerken geh\u00f6rt deshalb zu den grundlegenden Aufgaben der Biodiversit\u00e4tsforschung. Die Ausstellung &#8222;Floras Sch\u00e4tze &#8211; Die Erfassung der gr\u00fcnen Welt&#8220; im Botanischen Museum im Botanischen &hellip; <a href=\"https:\/\/blogs.fu-berlin.de\/bibliotheken\/2012\/04\/27\/floras-schatze-sonderausstellung-im-botanischen-garten\/\" class=\"more-link\"><span class=\"screen-reader-text\">\u201eFloras Sch\u00e4tze &#8211; Sonderausstellung im Botanischen Garten\u201c<\/span> weiterlesen<\/a><\/p>\n","protected":false},"author":265,"featured_media":0,"comment_status":"open","ping_status":"open","sticky":false,"template":"","format":"standard","meta":{"footnotes":""},"categories":[9,70],"tags":[581,638,636,637,3070],"class_list":["post-11152","post","type-post","status-publish","format-standard","hentry","category-allgemein","category-veranstaltungen","tag-ausstellung","tag-bgbm","tag-botanischer-garten","tag-botanisches-museum","tag-floras-schatze"],"_links":{"self":[{"href":"https:\/\/blogs.fu-berlin.de\/bibliotheken\/wp-json\/wp\/v2\/posts\/11152","targetHints":{"allow":["GET"]}}],"collection":[{"href":"https:\/\/blogs.fu-berlin.de\/bibliotheken\/wp-json\/wp\/v2\/posts"}],"about":[{"href":"https:\/\/blogs.fu-berlin.de\/bibliotheken\/wp-json\/wp\/v2\/types\/post"}],"author":[{"embeddable":true,"href":"https:\/\/blogs.fu-berlin.de\/bibliotheken\/wp-json\/wp\/v2\/users\/265"}],"replies":[{"embeddable":true,"href":"https:\/\/blogs.fu-berlin.de\/bibliotheken\/wp-json\/wp\/v2\/comments?post=11152"}],"version-history":[{"count":14,"href":"https:\/\/blogs.fu-berlin.de\/bibliotheken\/wp-json\/wp\/v2\/posts\/11152\/revisions"}],"predecessor-version":[{"id":11234,"href":"https:\/\/blogs.fu-berlin.de\/bibliotheken\/wp-json\/wp\/v2\/posts\/11152\/revisions\/11234"}],"wp:attachment":[{"href":"https:\/\/blogs.fu-berlin.de\/bibliotheken\/wp-json\/wp\/v2\/media?parent=11152"}],"wp:term":[{"taxonomy":"category","embeddable":true,"href":"https:\/\/blogs.fu-berlin.de\/bibliotheken\/wp-json\/wp\/v2\/categories?post=11152"},{"taxonomy":"post_tag","embeddable":true,"href":"https:\/\/blogs.fu-berlin.de\/bibliotheken\/wp-json\/wp\/v2\/tags?post=11152"}],"curies":[{"name":"wp","href":"https:\/\/api.w.org\/{rel}","templated":true}]}}