{"id":11164,"date":"2012-04-26T09:37:28","date_gmt":"2012-04-26T08:37:28","guid":{"rendered":"https:\/\/blogs.fu-berlin.de\/bibliotheken\/?p=11164"},"modified":"2012-05-07T14:34:13","modified_gmt":"2012-05-07T13:34:13","slug":"fachbibliographie-zu-richard-strauss","status":"publish","type":"post","link":"https:\/\/blogs.fu-berlin.de\/bibliotheken\/2012\/04\/26\/fachbibliographie-zu-richard-strauss\/","title":{"rendered":"Fachbibliographie zu Richard Strauss"},"content":{"rendered":"<p><a rel=\"attachment wp-att-11165\" href=\"https:\/\/blogs.fu-berlin.de\/bibliotheken\/2012\/04\/26\/fachbibliographie-zu-richard-strauss\/strauss\/\"><img loading=\"lazy\" decoding=\"async\" class=\"alignright size-full wp-image-11165\" title=\"strauss\" src=\"https:\/\/blogs.fu-berlin.de\/bibliotheken\/files\/2012\/04\/strauss.jpg\" alt=\"\" width=\"134\" height=\"185\" align=\"right\" \/><\/a>Neu in die <a href=\"https:\/\/digibib.fu-berlin.de\/\">Digitale Bibliothek<\/a> der FU aufgenommen wurde das <a href=\"https:\/\/vs13.kobv.de\/V?portal=FUBERLIN&amp;institute=FUBERLIN&amp;func=find-db-1-title&amp;mode=titles&amp;azlist=N&amp;scan_utf=&amp;scan_start=richard+strauss&amp;search_type=contains&amp;restricted=all\">Richard-Strauss-Quellenverzeichnis (RSQV)<\/a>.<\/p>\n<p>Der Plan dahinter ist, s\u00e4mtliche weltweit erreichbaren Quellen zum Werk des Komponisten Richard Strauss nach neuesten technischen und wissenschaftlichen Standards zu verzeichnen. Dazu z\u00e4hlen zu allererst eigenh\u00e4ndig geschriebenes (\u201eautographes\u201c) Notenmaterial, angefangen von den ersten Skizzen und Entw\u00fcrfen bis zur fertigen Partitur; ferner Druckvorlagen, Korrekturb\u00f6gen, Erstdrucke, aber auch Briefe von und an Richard Strauss, sofern diese wichtige Informationen \u00fcber ein Werk enthielten. Als Einstieg stehen die beiden Datengruppen \u201eWerke\u201c und \u201eQuellen\u201c zur Verf\u00fcgung. Das Material wird anhand verschiedener Kriterien erschlossen: enthaltene Werke, Schreiber, Widmungstr\u00e4ger, Besitzer, Standort, Signatur, Umfang, Format, Datierung u. a.<\/p>\n<p>Das Projekt ist am Richard-Strauss-Institut in Garmisch-Partenkirchen angesiedelt und wird \u00fcber drei Jahre von der Deutschen Forschungsgemeinschaft (DFG) finanziert.<\/p>\n<h6>Bild: Richard Strauss (Ausschnitt aus einem Gem\u00e4lde von Max Liebermann, 1918; gemeinfrei via <a href=\"https:\/\/de.wikipedia.org\/wiki\/Datei:Max_Liebermann_Bildnis_Richard_Strauss.jpg\">WikiCommons<\/a>)<\/h6>\n","protected":false},"excerpt":{"rendered":"<p>Neu in die Digitale Bibliothek der FU aufgenommen wurde das Richard-Strauss-Quellenverzeichnis (RSQV). Der Plan dahinter ist, s\u00e4mtliche weltweit erreichbaren Quellen zum Werk des Komponisten Richard Strauss nach neuesten technischen und wissenschaftlichen Standards zu verzeichnen. Dazu z\u00e4hlen zu allererst eigenh\u00e4ndig geschriebenes (\u201eautographes\u201c) Notenmaterial, angefangen von den ersten Skizzen und Entw\u00fcrfen bis zur fertigen Partitur; ferner Druckvorlagen, &hellip; <a href=\"https:\/\/blogs.fu-berlin.de\/bibliotheken\/2012\/04\/26\/fachbibliographie-zu-richard-strauss\/\" class=\"more-link\"><span class=\"screen-reader-text\">\u201eFachbibliographie zu Richard Strauss\u201c<\/span> weiterlesen<\/a><\/p>\n","protected":false},"author":293,"featured_media":0,"comment_status":"open","ping_status":"open","sticky":false,"template":"","format":"standard","meta":{"footnotes":""},"categories":[457,584805],"tags":[843,1611,3072,3071],"class_list":["post-11164","post","type-post","status-publish","format-standard","hentry","category-digitale-bibliothek","category-was-ist-neu","tag-fachbibliographie","tag-musikwissenschaft","tag-richard-strauss","tag-richard-strauss-quellenverzeichnis"],"_links":{"self":[{"href":"https:\/\/blogs.fu-berlin.de\/bibliotheken\/wp-json\/wp\/v2\/posts\/11164","targetHints":{"allow":["GET"]}}],"collection":[{"href":"https:\/\/blogs.fu-berlin.de\/bibliotheken\/wp-json\/wp\/v2\/posts"}],"about":[{"href":"https:\/\/blogs.fu-berlin.de\/bibliotheken\/wp-json\/wp\/v2\/types\/post"}],"author":[{"embeddable":true,"href":"https:\/\/blogs.fu-berlin.de\/bibliotheken\/wp-json\/wp\/v2\/users\/293"}],"replies":[{"embeddable":true,"href":"https:\/\/blogs.fu-berlin.de\/bibliotheken\/wp-json\/wp\/v2\/comments?post=11164"}],"version-history":[{"count":10,"href":"https:\/\/blogs.fu-berlin.de\/bibliotheken\/wp-json\/wp\/v2\/posts\/11164\/revisions"}],"predecessor-version":[{"id":11367,"href":"https:\/\/blogs.fu-berlin.de\/bibliotheken\/wp-json\/wp\/v2\/posts\/11164\/revisions\/11367"}],"wp:attachment":[{"href":"https:\/\/blogs.fu-berlin.de\/bibliotheken\/wp-json\/wp\/v2\/media?parent=11164"}],"wp:term":[{"taxonomy":"category","embeddable":true,"href":"https:\/\/blogs.fu-berlin.de\/bibliotheken\/wp-json\/wp\/v2\/categories?post=11164"},{"taxonomy":"post_tag","embeddable":true,"href":"https:\/\/blogs.fu-berlin.de\/bibliotheken\/wp-json\/wp\/v2\/tags?post=11164"}],"curies":[{"name":"wp","href":"https:\/\/api.w.org\/{rel}","templated":true}]}}