{"id":11225,"date":"2012-04-27T11:58:31","date_gmt":"2012-04-27T10:58:31","guid":{"rendered":"https:\/\/blogs.fu-berlin.de\/bibliotheken\/?p=11225"},"modified":"2012-04-27T16:12:15","modified_gmt":"2012-04-27T15:12:15","slug":"benutzungseinschrankungen-beim-fu-katalog","status":"publish","type":"post","link":"https:\/\/blogs.fu-berlin.de\/bibliotheken\/2012\/04\/27\/benutzungseinschrankungen-beim-fu-katalog\/","title":{"rendered":"Benutzungseinschr\u00e4nkungen beim FU-Katalog"},"content":{"rendered":"<p>Aus technischen Gr\u00fcnden kann es an den beiden kommenden Wochenenden (27.\/30. April und 5.\/6. Mai 2012)  zeitweise zur Abschaltung des FU-Katalogs kommen.<\/p>\n<p>Eine Recherche im Bibliotheksportal Primo ist m\u00f6glich &#8211; das Benutzerkonto sowie die Bestell- und Vormerkungsfunktionen stehen w\u00e4hrend der Abschaltzeiten  auch hier nicht zur Verf\u00fcgung.<\/p>\n<p>Wir bitten um Verst\u00e4ndnis<\/p>\n<p>Ihre Universit\u00e4tsbibliothek<\/p>\n","protected":false},"excerpt":{"rendered":"<p>Aus technischen Gr\u00fcnden kann es an den beiden kommenden Wochenenden (27.\/30. April und 5.\/6. Mai 2012) zeitweise zur Abschaltung des FU-Katalogs kommen. Eine Recherche im Bibliotheksportal Primo ist m\u00f6glich &#8211; das Benutzerkonto sowie die Bestell- und Vormerkungsfunktionen stehen w\u00e4hrend der Abschaltzeiten auch hier nicht zur Verf\u00fcgung. Wir bitten um Verst\u00e4ndnis Ihre Universit\u00e4tsbibliothek<\/p>\n","protected":false},"author":265,"featured_media":0,"comment_status":"open","ping_status":"open","sticky":false,"template":"","format":"standard","meta":{"footnotes":""},"categories":[518],"tags":[2115],"class_list":["post-11225","post","type-post","status-publish","format-standard","hentry","category-fu-kataloge","tag-fu-katalog-down"],"_links":{"self":[{"href":"https:\/\/blogs.fu-berlin.de\/bibliotheken\/wp-json\/wp\/v2\/posts\/11225","targetHints":{"allow":["GET"]}}],"collection":[{"href":"https:\/\/blogs.fu-berlin.de\/bibliotheken\/wp-json\/wp\/v2\/posts"}],"about":[{"href":"https:\/\/blogs.fu-berlin.de\/bibliotheken\/wp-json\/wp\/v2\/types\/post"}],"author":[{"embeddable":true,"href":"https:\/\/blogs.fu-berlin.de\/bibliotheken\/wp-json\/wp\/v2\/users\/265"}],"replies":[{"embeddable":true,"href":"https:\/\/blogs.fu-berlin.de\/bibliotheken\/wp-json\/wp\/v2\/comments?post=11225"}],"version-history":[{"count":7,"href":"https:\/\/blogs.fu-berlin.de\/bibliotheken\/wp-json\/wp\/v2\/posts\/11225\/revisions"}],"predecessor-version":[{"id":11237,"href":"https:\/\/blogs.fu-berlin.de\/bibliotheken\/wp-json\/wp\/v2\/posts\/11225\/revisions\/11237"}],"wp:attachment":[{"href":"https:\/\/blogs.fu-berlin.de\/bibliotheken\/wp-json\/wp\/v2\/media?parent=11225"}],"wp:term":[{"taxonomy":"category","embeddable":true,"href":"https:\/\/blogs.fu-berlin.de\/bibliotheken\/wp-json\/wp\/v2\/categories?post=11225"},{"taxonomy":"post_tag","embeddable":true,"href":"https:\/\/blogs.fu-berlin.de\/bibliotheken\/wp-json\/wp\/v2\/tags?post=11225"}],"curies":[{"name":"wp","href":"https:\/\/api.w.org\/{rel}","templated":true}]}}