{"id":11404,"date":"2012-05-09T15:06:34","date_gmt":"2012-05-09T14:06:34","guid":{"rendered":"https:\/\/blogs.fu-berlin.de\/bibliotheken\/?p=11404"},"modified":"2012-05-09T15:06:34","modified_gmt":"2012-05-09T14:06:34","slug":"kirchenbuchportal-neu-in-der-digitalen-bibliothek","status":"publish","type":"post","link":"https:\/\/blogs.fu-berlin.de\/bibliotheken\/2012\/05\/09\/kirchenbuchportal-neu-in-der-digitalen-bibliothek\/","title":{"rendered":"Kirchenbuchportal neu in der Digitalen Bibliothek"},"content":{"rendered":"<p>Das kostenfreie <a href=\"https:\/\/vs13.kobv.de\/V?portal=FUBERLIN&amp;institute=FUBERLIN&amp;func=find-db-1-title&amp;mode=titles&amp;azlist=N&amp;scan_utf=&amp;scan_start=kirchenbuchportal&amp;search_type=contains&amp;restricted=all\">Kirchenbuchportal<\/a> soll als Online-Plattform der deutschen Kirchenarchive zum zentralen  Informationsportal f\u00fcr die deutschen Kirchenbuchbest\u00e4nde ausgebaut  werden. Die beteiligten Institutionen wollen damit das Angebot f\u00fcr  Genealogen und die wissenschaftliche Forschung verbessern.<\/p>\n<p>In einem  ersten Schritt werden Informationen zum Bestand an Kirchenb\u00fcchern in  deutschen kirchlichen und staatlichen Archiven gesammelt, danach  sollen detaillierte Nachweise folgen. Ebenfalls ist in der  Zukunft geplant, digitalisierte Kirchenb\u00fccher kostenpflichtig  anzubieten.<\/p>\n<p>Die Benutzeroberfl\u00e4che wird sowohl in deutscher als  auch englischer, franz\u00f6sischer, italienischer und niederl\u00e4ndischer  Sprache angeboten.<\/p>\n","protected":false},"excerpt":{"rendered":"<p>Das kostenfreie Kirchenbuchportal soll als Online-Plattform der deutschen Kirchenarchive zum zentralen Informationsportal f\u00fcr die deutschen Kirchenbuchbest\u00e4nde ausgebaut werden. Die beteiligten Institutionen wollen damit das Angebot f\u00fcr Genealogen und die wissenschaftliche Forschung verbessern. In einem ersten Schritt werden Informationen zum Bestand an Kirchenb\u00fcchern in deutschen kirchlichen und staatlichen Archiven gesammelt, danach sollen detaillierte Nachweise folgen. Ebenfalls &hellip; <a href=\"https:\/\/blogs.fu-berlin.de\/bibliotheken\/2012\/05\/09\/kirchenbuchportal-neu-in-der-digitalen-bibliothek\/\" class=\"more-link\"><span class=\"screen-reader-text\">\u201eKirchenbuchportal neu in der Digitalen Bibliothek\u201c<\/span> weiterlesen<\/a><\/p>\n","protected":false},"author":293,"featured_media":0,"comment_status":"open","ping_status":"open","sticky":false,"template":"","format":"standard","meta":{"footnotes":""},"categories":[457,584805],"tags":[916,471,3095,165,1069],"class_list":["post-11404","post","type-post","status-publish","format-standard","hentry","category-digitale-bibliothek","category-was-ist-neu","tag-deutschland","tag-geschichte","tag-kirchenbuch","tag-religion","tag-theologie"],"_links":{"self":[{"href":"https:\/\/blogs.fu-berlin.de\/bibliotheken\/wp-json\/wp\/v2\/posts\/11404","targetHints":{"allow":["GET"]}}],"collection":[{"href":"https:\/\/blogs.fu-berlin.de\/bibliotheken\/wp-json\/wp\/v2\/posts"}],"about":[{"href":"https:\/\/blogs.fu-berlin.de\/bibliotheken\/wp-json\/wp\/v2\/types\/post"}],"author":[{"embeddable":true,"href":"https:\/\/blogs.fu-berlin.de\/bibliotheken\/wp-json\/wp\/v2\/users\/293"}],"replies":[{"embeddable":true,"href":"https:\/\/blogs.fu-berlin.de\/bibliotheken\/wp-json\/wp\/v2\/comments?post=11404"}],"version-history":[{"count":2,"href":"https:\/\/blogs.fu-berlin.de\/bibliotheken\/wp-json\/wp\/v2\/posts\/11404\/revisions"}],"predecessor-version":[{"id":11406,"href":"https:\/\/blogs.fu-berlin.de\/bibliotheken\/wp-json\/wp\/v2\/posts\/11404\/revisions\/11406"}],"wp:attachment":[{"href":"https:\/\/blogs.fu-berlin.de\/bibliotheken\/wp-json\/wp\/v2\/media?parent=11404"}],"wp:term":[{"taxonomy":"category","embeddable":true,"href":"https:\/\/blogs.fu-berlin.de\/bibliotheken\/wp-json\/wp\/v2\/categories?post=11404"},{"taxonomy":"post_tag","embeddable":true,"href":"https:\/\/blogs.fu-berlin.de\/bibliotheken\/wp-json\/wp\/v2\/tags?post=11404"}],"curies":[{"name":"wp","href":"https:\/\/api.w.org\/{rel}","templated":true}]}}