{"id":1152,"date":"2009-05-19T12:00:07","date_gmt":"2009-05-19T11:00:07","guid":{"rendered":"https:\/\/blogs.fu-berlin.de\/bibliotheken\/?p=1152"},"modified":"2009-05-19T14:54:28","modified_gmt":"2009-05-19T13:54:28","slug":"die-philologische-bibliothek-beim-song-contest","status":"publish","type":"post","link":"https:\/\/blogs.fu-berlin.de\/bibliotheken\/2009\/05\/19\/die-philologische-bibliothek-beim-song-contest\/","title":{"rendered":"Die Philologische Bibliothek beim Song Contest!?"},"content":{"rendered":"<p>Die <a href=\"https:\/\/www.fu-berlin.de\/bibliothek\/philbib\/\">Philologische Bibliothek<\/a> tr\u00e4gt sicher keine Schuld am (wieder mal) schlechten Abschneiden des deutschen Beitrags beim <a href=\"https:\/\/de.wikipedia.org\/wiki\/Eurovision_Song_Contest_2009\">Eurovision Song Contest 2009<\/a>. F\u00fcr wenige Sekunden blitzte der Prachtbau von Lord Norman Foster am Samstag im Spot vor dem deutschen Grand-Prix-Beitrag \u00fcber die Fernseher und gab sich ein prominentes Stelldichein mit Brandenburger Tor und Fernsehturm. <\/p>\n<p>Wem das am Samstag entgangen ist, hier nochmal ein passendes YouTube-Video:<\/p>\n<p><object classid=\"d27cdb6e-ae6d-11cf-96b8-444553540000\" width=\"320\" height=\"265\" codebase=\"https:\/\/download.macromedia.com\/pub\/shockwave\/cabs\/flash\/swflash.cab#version=6,0,40,0\"><param name=\"allowFullScreen\" value=\"true\" \/><param name=\"allowscriptaccess\" value=\"always\" \/><param name=\"src\" value=\"https:\/\/www.youtube.com\/v\/6NLYypmX6WQ&amp;hl=de&amp;fs=1&amp;color1=0x006699&amp;color2=0x54abd6\" \/><embed type=\"application\/x-shockwave-flash\" width=\"320\" height=\"265\" src=\"https:\/\/www.youtube.com\/v\/6NLYypmX6WQ&amp;hl=de&amp;fs=1&amp;color1=0x006699&amp;color2=0x54abd6\"><\/embed><\/object><\/p>\n<p>Wir freuen uns nat\u00fcrlich dar\u00fcber, dass sich der Bibliotheksneubau mittlerweile zu einem der architektonischen Wahrzeichen Berlins gemausert hat, auch wenn das nicht wirklich \u00fcber die wenigen Punkte f\u00fcr das Duo <em>Alex Swings Oscar Sings! <\/em>hinwegtr\u00f6sten mag.<\/p>\n<p>Da wir gerade beim Thema Musik sind: es gibt sie tats\u00e4chlich, Lieder, die sich den Menschen hinter dem Informationspult oder den Leihstellentresen verschrieben haben. Stellvertretend hierf\u00fcr sei Jonathan Rundmans Song &#8222;Librarian&#8220; erw\u00e4hnt, den <a href=\"https:\/\/fabilouslibrarian.wordpress.com\/2009\/03\/28\/im-a-librarian\/\">fabilouslibrarian bereits Ende M\u00e4rz bloggte<\/a>. Ob wir zur Abwechslung f\u00fcr diesen Song beim ESC einmal den Satz &#8222;Germany &#8211; 12 points&#8220; zu h\u00f6ren bekommen w\u00fcrden, sei mal dahingestellt. Trotzdem m\u00f6chten wir die Strophen nicht vorenthalten (<a href=\"https:\/\/www.lastfm.de\/music\/Jonathan+Rundman\/Public+Library\/Librarian\">Song kann auf last.fm angeh\u00f6rt werden &#8211; auf Cover klicken<\/a>):<\/p>\n<p><em> When I was just a baby, before I could speak<br \/>\nI would line up all my letter blocks alphabetically<br \/>\nand now it\u2019s my vocation and my passion to assign<br \/>\nevery decimal-numbered shelf to every decimal-numbered spine<\/em><\/p>\n<p><em> I\u2019m a librarian, I\u2019m a librarian<br \/>\nand I like it quiet so the pages can be heard<br \/>\nI\u2019m a librarian, I\u2019m a librarian<br \/>\nand I do it for the love of the word<\/em><\/p>\n<p><em> I bring order out of chaos, I shine light into the dark<br \/>\nbecause power comes from knowledge just like fire from a spark<br \/>\nand like Gutenberg and Luther with press and pen in hand<br \/>\nI take the message to the masses in a form they understand<\/em><\/p>\n<p><em> And when the day is over I go home at 5:03<br \/>\nand I give thanks to God and then to Andrew Carnegie<br \/>\nand the U.S. Constitution and Orwell, Poe, and Twain<br \/>\nand I\u2019ll return at 8AM to open up again<\/em><\/p>\n","protected":false},"excerpt":{"rendered":"<p>Die Philologische Bibliothek tr\u00e4gt sicher keine Schuld am (wieder mal) schlechten Abschneiden des deutschen Beitrags beim Eurovision Song Contest 2009. F\u00fcr wenige Sekunden blitzte der Prachtbau von Lord Norman Foster am Samstag im Spot vor dem deutschen Grand-Prix-Beitrag \u00fcber die Fernseher und gab sich ein prominentes Stelldichein mit Brandenburger Tor und Fernsehturm. Wem das am &hellip; <a href=\"https:\/\/blogs.fu-berlin.de\/bibliotheken\/2009\/05\/19\/die-philologische-bibliothek-beim-song-contest\/\" class=\"more-link\"><span class=\"screen-reader-text\">\u201eDie Philologische Bibliothek beim Song Contest!?\u201c<\/span> weiterlesen<\/a><\/p>\n","protected":false},"author":293,"featured_media":0,"comment_status":"open","ping_status":"open","sticky":false,"template":"","format":"standard","meta":{"footnotes":""},"categories":[600],"tags":[769,770,515],"class_list":["post-1152","post","type-post","status-publish","format-standard","hentry","category-fachbibliotheken","tag-eurovision-song-contest","tag-jonathan-rundman","tag-philologische-bibliothek"],"_links":{"self":[{"href":"https:\/\/blogs.fu-berlin.de\/bibliotheken\/wp-json\/wp\/v2\/posts\/1152","targetHints":{"allow":["GET"]}}],"collection":[{"href":"https:\/\/blogs.fu-berlin.de\/bibliotheken\/wp-json\/wp\/v2\/posts"}],"about":[{"href":"https:\/\/blogs.fu-berlin.de\/bibliotheken\/wp-json\/wp\/v2\/types\/post"}],"author":[{"embeddable":true,"href":"https:\/\/blogs.fu-berlin.de\/bibliotheken\/wp-json\/wp\/v2\/users\/293"}],"replies":[{"embeddable":true,"href":"https:\/\/blogs.fu-berlin.de\/bibliotheken\/wp-json\/wp\/v2\/comments?post=1152"}],"version-history":[{"count":22,"href":"https:\/\/blogs.fu-berlin.de\/bibliotheken\/wp-json\/wp\/v2\/posts\/1152\/revisions"}],"predecessor-version":[{"id":1180,"href":"https:\/\/blogs.fu-berlin.de\/bibliotheken\/wp-json\/wp\/v2\/posts\/1152\/revisions\/1180"}],"wp:attachment":[{"href":"https:\/\/blogs.fu-berlin.de\/bibliotheken\/wp-json\/wp\/v2\/media?parent=1152"}],"wp:term":[{"taxonomy":"category","embeddable":true,"href":"https:\/\/blogs.fu-berlin.de\/bibliotheken\/wp-json\/wp\/v2\/categories?post=1152"},{"taxonomy":"post_tag","embeddable":true,"href":"https:\/\/blogs.fu-berlin.de\/bibliotheken\/wp-json\/wp\/v2\/tags?post=1152"}],"curies":[{"name":"wp","href":"https:\/\/api.w.org\/{rel}","templated":true}]}}