{"id":11527,"date":"2012-05-25T12:43:54","date_gmt":"2012-05-25T11:43:54","guid":{"rendered":"https:\/\/blogs.fu-berlin.de\/bibliotheken\/?p=11527"},"modified":"2012-05-25T12:59:29","modified_gmt":"2012-05-25T11:59:29","slug":"zukunft-der-bibliotheken-klaus-reiner-brintzinger-im-deutschlandfunk","status":"publish","type":"post","link":"https:\/\/blogs.fu-berlin.de\/bibliotheken\/2012\/05\/25\/zukunft-der-bibliotheken-klaus-reiner-brintzinger-im-deutschlandfunk\/","title":{"rendered":"Zukunft der Bibliotheken &#8211; Klaus-Reiner Brintzinger im Deutschlandfunk"},"content":{"rendered":"<p>Anl\u00e4sslich des Bibliothekartags (wir berichteten &#8230;) werden auch manche Medien auf Bibliotheken und die bibliothekarische Zunft aufmerksam. Klaus-Reiner Brintzinger, Direktor der UB der LMU M\u00fcnchen und Vorsitzender des Vereins Deutscher Bibliothekare, erhielt heute morgen im Deutschlandfunk die Gelegenheit sich der Gretchen-Frage zu stellen: &#8222;Wenn eines Tages aber alles digitalisiert und im Netz abrufbar sein wird, <a href=\"https:\/\/www.dradio.de\/dlf\/sendungen\/interview_dlf\/1766424\/\">wozu ben\u00f6tigen wir dann noch Bibliotheken &#8230;?<\/a>&#8220;<\/p>\n<p>Neben dem immer attraktiver werdenden &#8222;Lernort Bibliothek&#8220; w\u00e4re sicherlich auch noch zu denken an eine bleibende Kernaufgabe: Literatur und Informationen, die nicht frei verf\u00fcgbar sind, den B\u00fcrgerinnen und B\u00fcrgern, den Studierenden und Wissenschaftlern weiterhin zu erschlie\u00dfen und kostenlos zur Verf\u00fcgung zu stellen und damit Wissen umfassend, verl\u00e4sslich und nachhaltig zu verbreiten. Spannend wird sein, wie gro\u00df dieser Anteil an der Literatur- und Wissensproduktion noch sein wird. Entscheidend hierf\u00fcr ist u.a. die weitere Entwicklung im Bereich Open Access und beim Urheberrecht.<\/p>\n","protected":false},"excerpt":{"rendered":"<p>Anl\u00e4sslich des Bibliothekartags (wir berichteten &#8230;) werden auch manche Medien auf Bibliotheken und die bibliothekarische Zunft aufmerksam. Klaus-Reiner Brintzinger, Direktor der UB der LMU M\u00fcnchen und Vorsitzender des Vereins Deutscher Bibliothekare, erhielt heute morgen im Deutschlandfunk die Gelegenheit sich der Gretchen-Frage zu stellen: &#8222;Wenn eines Tages aber alles digitalisiert und im Netz abrufbar sein wird, &hellip; <a href=\"https:\/\/blogs.fu-berlin.de\/bibliotheken\/2012\/05\/25\/zukunft-der-bibliotheken-klaus-reiner-brintzinger-im-deutschlandfunk\/\" class=\"more-link\"><span class=\"screen-reader-text\">\u201eZukunft der Bibliotheken &#8211; Klaus-Reiner Brintzinger im Deutschlandfunk\u201c<\/span> weiterlesen<\/a><\/p>\n","protected":false},"author":267,"featured_media":0,"comment_status":"open","ping_status":"open","sticky":false,"template":"","format":"standard","meta":{"footnotes":""},"categories":[599],"tags":[297,2976,7576,480],"class_list":["post-11527","post","type-post","status-publish","format-standard","hentry","category-bibliothekswesen","tag-bibliothek","tag-bibliothekartag","tag-brintzinger","tag-digitalisierung"],"_links":{"self":[{"href":"https:\/\/blogs.fu-berlin.de\/bibliotheken\/wp-json\/wp\/v2\/posts\/11527","targetHints":{"allow":["GET"]}}],"collection":[{"href":"https:\/\/blogs.fu-berlin.de\/bibliotheken\/wp-json\/wp\/v2\/posts"}],"about":[{"href":"https:\/\/blogs.fu-berlin.de\/bibliotheken\/wp-json\/wp\/v2\/types\/post"}],"author":[{"embeddable":true,"href":"https:\/\/blogs.fu-berlin.de\/bibliotheken\/wp-json\/wp\/v2\/users\/267"}],"replies":[{"embeddable":true,"href":"https:\/\/blogs.fu-berlin.de\/bibliotheken\/wp-json\/wp\/v2\/comments?post=11527"}],"version-history":[{"count":5,"href":"https:\/\/blogs.fu-berlin.de\/bibliotheken\/wp-json\/wp\/v2\/posts\/11527\/revisions"}],"predecessor-version":[{"id":11530,"href":"https:\/\/blogs.fu-berlin.de\/bibliotheken\/wp-json\/wp\/v2\/posts\/11527\/revisions\/11530"}],"wp:attachment":[{"href":"https:\/\/blogs.fu-berlin.de\/bibliotheken\/wp-json\/wp\/v2\/media?parent=11527"}],"wp:term":[{"taxonomy":"category","embeddable":true,"href":"https:\/\/blogs.fu-berlin.de\/bibliotheken\/wp-json\/wp\/v2\/categories?post=11527"},{"taxonomy":"post_tag","embeddable":true,"href":"https:\/\/blogs.fu-berlin.de\/bibliotheken\/wp-json\/wp\/v2\/tags?post=11527"}],"curies":[{"name":"wp","href":"https:\/\/api.w.org\/{rel}","templated":true}]}}