{"id":11532,"date":"2012-05-25T12:55:02","date_gmt":"2012-05-25T11:55:02","guid":{"rendered":"https:\/\/blogs.fu-berlin.de\/bibliotheken\/?p=11532"},"modified":"2012-05-25T16:28:12","modified_gmt":"2012-05-25T15:28:12","slug":"bibliotheksportal-primo-benutzungseinschrankung-am-pfingstwochenende","status":"publish","type":"post","link":"https:\/\/blogs.fu-berlin.de\/bibliotheken\/2012\/05\/25\/bibliotheksportal-primo-benutzungseinschrankung-am-pfingstwochenende\/","title":{"rendered":"Bibliotheksportal Primo: Benutzungseinschr\u00e4nkung am Pfingstwochenende"},"content":{"rendered":"<p>Aufgrund eines kompletten Reloads der Katalogdaten steht das Bibliotheksportal Primo in der Zeit von 25.5., 18:00 Uhr bis 29.5., 20:00 Uhr nicht zur Verf\u00fcgung! Allenfalls die externen Daten aus Primo Central k\u00f6nnen unter Umst\u00e4nden f\u00fcr Recherchen genutzt werden.<\/p>\n<p>Wir bitten um Ihr Verst\u00e4ndnis.<\/p>\n<p>Ihre Universit\u00e4tsbibliothek<\/p>\n","protected":false},"excerpt":{"rendered":"<p>Aufgrund eines kompletten Reloads der Katalogdaten steht das Bibliotheksportal Primo in der Zeit von 25.5., 18:00 Uhr bis 29.5., 20:00 Uhr nicht zur Verf\u00fcgung! Allenfalls die externen Daten aus Primo Central k\u00f6nnen unter Umst\u00e4nden f\u00fcr Recherchen genutzt werden. Wir bitten um Ihr Verst\u00e4ndnis. Ihre Universit\u00e4tsbibliothek<\/p>\n","protected":false},"author":267,"featured_media":0,"comment_status":"open","ping_status":"open","sticky":false,"template":"","format":"standard","meta":{"footnotes":""},"categories":[457,518],"tags":[7577],"class_list":["post-11532","post","type-post","status-publish","format-standard","hentry","category-digitale-bibliothek","category-fu-kataloge","tag-bibliotheksportal-primo"],"_links":{"self":[{"href":"https:\/\/blogs.fu-berlin.de\/bibliotheken\/wp-json\/wp\/v2\/posts\/11532","targetHints":{"allow":["GET"]}}],"collection":[{"href":"https:\/\/blogs.fu-berlin.de\/bibliotheken\/wp-json\/wp\/v2\/posts"}],"about":[{"href":"https:\/\/blogs.fu-berlin.de\/bibliotheken\/wp-json\/wp\/v2\/types\/post"}],"author":[{"embeddable":true,"href":"https:\/\/blogs.fu-berlin.de\/bibliotheken\/wp-json\/wp\/v2\/users\/267"}],"replies":[{"embeddable":true,"href":"https:\/\/blogs.fu-berlin.de\/bibliotheken\/wp-json\/wp\/v2\/comments?post=11532"}],"version-history":[{"count":3,"href":"https:\/\/blogs.fu-berlin.de\/bibliotheken\/wp-json\/wp\/v2\/posts\/11532\/revisions"}],"predecessor-version":[{"id":11542,"href":"https:\/\/blogs.fu-berlin.de\/bibliotheken\/wp-json\/wp\/v2\/posts\/11532\/revisions\/11542"}],"wp:attachment":[{"href":"https:\/\/blogs.fu-berlin.de\/bibliotheken\/wp-json\/wp\/v2\/media?parent=11532"}],"wp:term":[{"taxonomy":"category","embeddable":true,"href":"https:\/\/blogs.fu-berlin.de\/bibliotheken\/wp-json\/wp\/v2\/categories?post=11532"},{"taxonomy":"post_tag","embeddable":true,"href":"https:\/\/blogs.fu-berlin.de\/bibliotheken\/wp-json\/wp\/v2\/tags?post=11532"}],"curies":[{"name":"wp","href":"https:\/\/api.w.org\/{rel}","templated":true}]}}