{"id":11660,"date":"2012-06-07T15:47:46","date_gmt":"2012-06-07T14:47:46","guid":{"rendered":"https:\/\/blogs.fu-berlin.de\/bibliotheken\/?p=11660"},"modified":"2012-06-07T15:47:46","modified_gmt":"2012-06-07T14:47:46","slug":"tagebucher-von-queen-victoria-online","status":"publish","type":"post","link":"https:\/\/blogs.fu-berlin.de\/bibliotheken\/2012\/06\/07\/tagebucher-von-queen-victoria-online\/","title":{"rendered":"Tageb\u00fccher von Queen Victoria online"},"content":{"rendered":"<p>Am vergangenen Wochenende beging Elisabeth II. von England unter gro\u00dfen Feierlichkeiten ihr diamantenes Thronjubil\u00e4um. Vor ihr war eine derart lange Amtszeit bisher nur Queen Victoria (1819-1901) beschieden gewesen. Deren <a href=\"https:\/\/www.queenvictoriasjournals.org\/home.do\">Tageb\u00fccher<\/a> sind seit kurzem durch den Royal Collection Trust online zug\u00e4nglich gemacht worden. <\/p>\n<p>Achtung: Leider wird die Site nur noch bis Ende Juni aus aller Welt frei nutzbar sein \u2013 ab Juli ist der Zugriff nur in UK bzw. in ausgesuchten britischen Bibliotheken m\u00f6glich.<\/p>\n","protected":false},"excerpt":{"rendered":"<p>Am vergangenen Wochenende beging Elisabeth II. von England unter gro\u00dfen Feierlichkeiten ihr diamantenes Thronjubil\u00e4um. Vor ihr war eine derart lange Amtszeit bisher nur Queen Victoria (1819-1901) beschieden gewesen. Deren Tageb\u00fccher sind seit kurzem durch den Royal Collection Trust online zug\u00e4nglich gemacht worden. Achtung: Leider wird die Site nur noch bis Ende Juni aus aller Welt &hellip; <a href=\"https:\/\/blogs.fu-berlin.de\/bibliotheken\/2012\/06\/07\/tagebucher-von-queen-victoria-online\/\" class=\"more-link\"><span class=\"screen-reader-text\">\u201eTageb\u00fccher von Queen Victoria online\u201c<\/span> weiterlesen<\/a><\/p>\n","protected":false},"author":267,"featured_media":0,"comment_status":"open","ping_status":"open","sticky":false,"template":"","format":"standard","meta":{"footnotes":""},"categories":[604,492],"tags":[8668,8669],"class_list":["post-11660","post","type-post","status-publish","format-standard","hentry","category-ins-netz-geschaut","category-literaturtipps","tag-tagebuch","tag-viktoria"],"_links":{"self":[{"href":"https:\/\/blogs.fu-berlin.de\/bibliotheken\/wp-json\/wp\/v2\/posts\/11660","targetHints":{"allow":["GET"]}}],"collection":[{"href":"https:\/\/blogs.fu-berlin.de\/bibliotheken\/wp-json\/wp\/v2\/posts"}],"about":[{"href":"https:\/\/blogs.fu-berlin.de\/bibliotheken\/wp-json\/wp\/v2\/types\/post"}],"author":[{"embeddable":true,"href":"https:\/\/blogs.fu-berlin.de\/bibliotheken\/wp-json\/wp\/v2\/users\/267"}],"replies":[{"embeddable":true,"href":"https:\/\/blogs.fu-berlin.de\/bibliotheken\/wp-json\/wp\/v2\/comments?post=11660"}],"version-history":[{"count":1,"href":"https:\/\/blogs.fu-berlin.de\/bibliotheken\/wp-json\/wp\/v2\/posts\/11660\/revisions"}],"predecessor-version":[{"id":11668,"href":"https:\/\/blogs.fu-berlin.de\/bibliotheken\/wp-json\/wp\/v2\/posts\/11660\/revisions\/11668"}],"wp:attachment":[{"href":"https:\/\/blogs.fu-berlin.de\/bibliotheken\/wp-json\/wp\/v2\/media?parent=11660"}],"wp:term":[{"taxonomy":"category","embeddable":true,"href":"https:\/\/blogs.fu-berlin.de\/bibliotheken\/wp-json\/wp\/v2\/categories?post=11660"},{"taxonomy":"post_tag","embeddable":true,"href":"https:\/\/blogs.fu-berlin.de\/bibliotheken\/wp-json\/wp\/v2\/tags?post=11660"}],"curies":[{"name":"wp","href":"https:\/\/api.w.org\/{rel}","templated":true}]}}