{"id":11669,"date":"2012-06-08T09:34:25","date_gmt":"2012-06-08T08:34:25","guid":{"rendered":"https:\/\/blogs.fu-berlin.de\/bibliotheken\/?p=11669"},"modified":"2012-06-08T09:34:25","modified_gmt":"2012-06-08T08:34:25","slug":"ausstellung-die-kunst-der-beschreibung-handschriften-aus-funf-jahrhunderten","status":"publish","type":"post","link":"https:\/\/blogs.fu-berlin.de\/bibliotheken\/2012\/06\/08\/ausstellung-die-kunst-der-beschreibung-handschriften-aus-funf-jahrhunderten\/","title":{"rendered":"Ausstellung Die Kunst der Beschreibung &#8211; Handschriften aus f\u00fcnf Jahrhunderten"},"content":{"rendered":"<p><img loading=\"lazy\" decoding=\"async\" src=\"https:\/\/blogs.fu-berlin.de\/bibliotheken\/files\/2012\/06\/koenig.jpg\" alt=\"\" width=\"178\" height=\"250\" align=\"right\" \/><\/a>Die <a href=\"https:\/\/www.ub.fu-berlin.de\/service_neu\/ausstellung\/\" target=\"_blank\">Ausstellung &#8222;Die Kunst der Beschreibung &#8211; Handschriften aus f\u00fcnf Jahrhunderten kommentiert von Eberhard K\u00f6nig&#8220;<\/a> pr\u00e4sentiert 44 Faksimiles von Handschriften, die Eberhard K\u00f6nig im Laufe seiner \u00fcber drei\u00dfigj\u00e4hrigen Besch\u00e4ftigung mit der Buchmalerei des Mittelalters und der Renaissance kommentiert und &#8211; nicht selten in Zusammenarbeit mit Kollegen und Sch\u00fclern &#8211; wissenschaftlich bearbeitet hat und die auf diese Weise oft zum ersten Mal einem gr\u00f6\u00dferen Publikum zug\u00e4nglich gemacht werden konnten. Die anschauliche Beschreibung der Miniaturen, des Dekors und immer wieder auch der Texte und der Beziehung zwischen Bild und Text, ist fast immer das Herzst\u00fcck des Kommentars. Ganz im Sinne der Ekphrasis gewinnt der Autor entscheidende Argumente f\u00fcr die kunsthistorische Verortung und Deutung der Handschriften aus der kenntnisreichen Anschauung.<\/p>\n<p>Die Ausstellung findet statt zum 65. Geburtstag von Prof. Dr. Eberhard K\u00f6nig, der seit 1986 am Kunsthistorischen Institut der Freien Universit\u00e4t Berlin lehrt, und ist Bestandteil des Col-loquiums \u201eTraditionen neu erfinden \u2013 Zum Vorlagentransfer in der Buchmalerei des Sp\u00e4tmittelalters\u201c. Beide Veranstaltungen werden von seinen engsten Mitarbeiterinnen und Mitarbei-tern organisiert.<\/p>\n<p>Die Ausstellungser\u00f6ffnung findet am Freitag, den 8. Juni 2012, um 18.15 Uhr im Foyer der UB statt. Interessierte sind herzlich eingeladen.<\/p>\n","protected":false},"excerpt":{"rendered":"<p>Die Ausstellung &#8222;Die Kunst der Beschreibung &#8211; Handschriften aus f\u00fcnf Jahrhunderten kommentiert von Eberhard K\u00f6nig&#8220; pr\u00e4sentiert 44 Faksimiles von Handschriften, die Eberhard K\u00f6nig im Laufe seiner \u00fcber drei\u00dfigj\u00e4hrigen Besch\u00e4ftigung mit der Buchmalerei des Mittelalters und der Renaissance kommentiert und &#8211; nicht selten in Zusammenarbeit mit Kollegen und Sch\u00fclern &#8211; wissenschaftlich bearbeitet hat und die auf &hellip; <a href=\"https:\/\/blogs.fu-berlin.de\/bibliotheken\/2012\/06\/08\/ausstellung-die-kunst-der-beschreibung-handschriften-aus-funf-jahrhunderten\/\" class=\"more-link\"><span class=\"screen-reader-text\">\u201eAusstellung Die Kunst der Beschreibung &#8211; Handschriften aus f\u00fcnf Jahrhunderten\u201c<\/span> weiterlesen<\/a><\/p>\n","protected":false},"author":265,"featured_media":0,"comment_status":"open","ping_status":"open","sticky":false,"template":"","format":"standard","meta":{"footnotes":""},"categories":[70],"tags":[8670],"class_list":["post-11669","post","type-post","status-publish","format-standard","hentry","category-veranstaltungen","tag-ausstellung-kunst-der-beschreibung"],"_links":{"self":[{"href":"https:\/\/blogs.fu-berlin.de\/bibliotheken\/wp-json\/wp\/v2\/posts\/11669","targetHints":{"allow":["GET"]}}],"collection":[{"href":"https:\/\/blogs.fu-berlin.de\/bibliotheken\/wp-json\/wp\/v2\/posts"}],"about":[{"href":"https:\/\/blogs.fu-berlin.de\/bibliotheken\/wp-json\/wp\/v2\/types\/post"}],"author":[{"embeddable":true,"href":"https:\/\/blogs.fu-berlin.de\/bibliotheken\/wp-json\/wp\/v2\/users\/265"}],"replies":[{"embeddable":true,"href":"https:\/\/blogs.fu-berlin.de\/bibliotheken\/wp-json\/wp\/v2\/comments?post=11669"}],"version-history":[{"count":9,"href":"https:\/\/blogs.fu-berlin.de\/bibliotheken\/wp-json\/wp\/v2\/posts\/11669\/revisions"}],"predecessor-version":[{"id":11679,"href":"https:\/\/blogs.fu-berlin.de\/bibliotheken\/wp-json\/wp\/v2\/posts\/11669\/revisions\/11679"}],"wp:attachment":[{"href":"https:\/\/blogs.fu-berlin.de\/bibliotheken\/wp-json\/wp\/v2\/media?parent=11669"}],"wp:term":[{"taxonomy":"category","embeddable":true,"href":"https:\/\/blogs.fu-berlin.de\/bibliotheken\/wp-json\/wp\/v2\/categories?post=11669"},{"taxonomy":"post_tag","embeddable":true,"href":"https:\/\/blogs.fu-berlin.de\/bibliotheken\/wp-json\/wp\/v2\/tags?post=11669"}],"curies":[{"name":"wp","href":"https:\/\/api.w.org\/{rel}","templated":true}]}}