{"id":11699,"date":"2012-06-20T12:23:52","date_gmt":"2012-06-20T11:23:52","guid":{"rendered":"https:\/\/blogs.fu-berlin.de\/bibliotheken\/?p=11699"},"modified":"2012-06-20T12:23:52","modified_gmt":"2012-06-20T11:23:52","slug":"bibliotheksmitarbeiterinnen-in-leipzig","status":"publish","type":"post","link":"https:\/\/blogs.fu-berlin.de\/bibliotheken\/2012\/06\/20\/bibliotheksmitarbeiterinnen-in-leipzig\/","title":{"rendered":"BibliotheksmitarbeiterInnen in Leipzig"},"content":{"rendered":"<p>Am 9. Juni 2012 haben sich einige Mitarbeiter und Mitarbeiterinnen &#8211; \u00fcbrigens in der Freizeit und trotz Fussball-EM &#8211; auf den Weg gemacht, um sich zu informieren, wie es in anderen Bibliotheken so zugeht. <\/p>\n<p>Diesmal ging es nach Leipzig. Besucht wurde zuerst die Bibliotheca Albertina (Universit\u00e4tsbibliothek) und anschlie\u00dfend die Deutsche Nationalbibliothek (DNB) zu Leipzig. Beide Bibliotheken erscheinen nach jahrelangen Restaurierungsarbeiten und Erg\u00e4nzungsbauten in neuem Glanz.  <\/p>\n<p>Wer m\u00f6chte, findet <a href=\"https:\/\/www.ub.fu-berlin.de\/intern\/leipzig.html\">auf der UB-Homepage eine Fotostrecke<\/a>.<img loading=\"lazy\" decoding=\"async\" src=\"https:\/\/blogs.fu-berlin.de\/bibliotheken\/files\/2012\/06\/P1040080.jpg\" alt=\"DNB Leipzig\" width=\"200\" height=\"150\" align=\"right\" \/><\/a><\/p>\n<p>Wir danken Frau Bauer und Frau Matthias f\u00fcr die informative und anregende F\u00fchrung duch ihre sch\u00f6nen H\u00e4user und ganz herzlich auch Frau Helma Schaefer, die uns den ganzen Tag begleitet hat und uns ganz viel \u00fcber Leipzig erz\u00e4hlen konnte. <\/p>\n<h6>Foto der DNB Leipzig: P. Kende<\/h6>\n","protected":false},"excerpt":{"rendered":"<p>Am 9. Juni 2012 haben sich einige Mitarbeiter und Mitarbeiterinnen &#8211; \u00fcbrigens in der Freizeit und trotz Fussball-EM &#8211; auf den Weg gemacht, um sich zu informieren, wie es in anderen Bibliotheken so zugeht. Diesmal ging es nach Leipzig. Besucht wurde zuerst die Bibliotheca Albertina (Universit\u00e4tsbibliothek) und anschlie\u00dfend die Deutsche Nationalbibliothek (DNB) zu Leipzig. Beide &hellip; <a href=\"https:\/\/blogs.fu-berlin.de\/bibliotheken\/2012\/06\/20\/bibliotheksmitarbeiterinnen-in-leipzig\/\" class=\"more-link\"><span class=\"screen-reader-text\">\u201eBibliotheksmitarbeiterInnen in Leipzig\u201c<\/span> weiterlesen<\/a><\/p>\n","protected":false},"author":265,"featured_media":0,"comment_status":"open","ping_status":"open","sticky":false,"template":"","format":"standard","meta":{"footnotes":""},"categories":[599,601],"tags":[8672,3005,1622],"class_list":["post-11699","post","type-post","status-publish","format-standard","hentry","category-bibliothekswesen","category-universitatsbibliothek","tag-bibliotheca-albertina","tag-deutsche-nationalbibliothek","tag-leipzig"],"_links":{"self":[{"href":"https:\/\/blogs.fu-berlin.de\/bibliotheken\/wp-json\/wp\/v2\/posts\/11699","targetHints":{"allow":["GET"]}}],"collection":[{"href":"https:\/\/blogs.fu-berlin.de\/bibliotheken\/wp-json\/wp\/v2\/posts"}],"about":[{"href":"https:\/\/blogs.fu-berlin.de\/bibliotheken\/wp-json\/wp\/v2\/types\/post"}],"author":[{"embeddable":true,"href":"https:\/\/blogs.fu-berlin.de\/bibliotheken\/wp-json\/wp\/v2\/users\/265"}],"replies":[{"embeddable":true,"href":"https:\/\/blogs.fu-berlin.de\/bibliotheken\/wp-json\/wp\/v2\/comments?post=11699"}],"version-history":[{"count":8,"href":"https:\/\/blogs.fu-berlin.de\/bibliotheken\/wp-json\/wp\/v2\/posts\/11699\/revisions"}],"predecessor-version":[{"id":11715,"href":"https:\/\/blogs.fu-berlin.de\/bibliotheken\/wp-json\/wp\/v2\/posts\/11699\/revisions\/11715"}],"wp:attachment":[{"href":"https:\/\/blogs.fu-berlin.de\/bibliotheken\/wp-json\/wp\/v2\/media?parent=11699"}],"wp:term":[{"taxonomy":"category","embeddable":true,"href":"https:\/\/blogs.fu-berlin.de\/bibliotheken\/wp-json\/wp\/v2\/categories?post=11699"},{"taxonomy":"post_tag","embeddable":true,"href":"https:\/\/blogs.fu-berlin.de\/bibliotheken\/wp-json\/wp\/v2\/tags?post=11699"}],"curies":[{"name":"wp","href":"https:\/\/api.w.org\/{rel}","templated":true}]}}