{"id":11731,"date":"2012-06-21T13:48:09","date_gmt":"2012-06-21T12:48:09","guid":{"rendered":"https:\/\/blogs.fu-berlin.de\/bibliotheken\/?p=11731"},"modified":"2017-10-06T08:15:30","modified_gmt":"2017-10-06T07:15:30","slug":"friedenspreis-des-deutschen-buchhandels-geht-an-liao-yiwu","status":"publish","type":"post","link":"https:\/\/blogs.fu-berlin.de\/bibliotheken\/2012\/06\/21\/friedenspreis-des-deutschen-buchhandels-geht-an-liao-yiwu\/","title":{"rendered":"Friedenspreis des Deutschen Buchhandels geht an Liao Yiwu"},"content":{"rendered":"<p><a href=\"https:\/\/blogs.fu-berlin.de\/bibliotheken\/2012\/06\/21\/friedenspreis-des-deutschen-buchhandels-geht-an-liao-yiwu\/yiwu\/\" rel=\"attachment wp-att-11733\"><img loading=\"lazy\" decoding=\"async\" class=\"alignright size-full wp-image-11733\" src=\"https:\/\/blogs.fu-berlin.de\/bibliotheken\/files\/2012\/06\/yiwu.jpg\" alt=\"\" width=\"120\" height=\"95\" align=\"right\" \/><\/a>Mutig \u2013 wie der <a href=\"https:\/\/www.friedenspreis-des-deutschen-buchhandels.de\/445651\/?mid=538093\">Stiftungsrat bekanntgab<\/a>, geht der diesj\u00e4hrige Friedenspreis des Deutschen Buchhandels an Liao Yiwu. Die mit 25.000 Euro dotierte Auszeichnung wird der chinesische Schriftsteller am 14. Oktober 2012 anl\u00e4sslich der Frankfurter Buchmesse erhalten. Die Jury lobte Liao Yiwu in ihrer Begr\u00fcndung unter anderem als Schriftsteller und Dichter, \u201eder sprachm\u00e4chtig und unerschrocken gegen die politische Unterdr\u00fcckung\u201c aufbegehre und \u201eden Menschen am Rand der chinesischen Gesellschaft ein aufr\u00fcttelndes literarisches Denkmal\u201c setze.<\/p>\n<p><a href=\"https:\/\/blogs.fu-berlin.de\/bibliotheken\/2012\/06\/21\/friedenspreis-des-deutschen-buchhandels-geht-an-liao-yiwu\/yiwu2\/\" rel=\"attachment wp-att-11738\"><img loading=\"lazy\" decoding=\"async\" class=\"alignright size-full wp-image-11738\" src=\"https:\/\/blogs.fu-berlin.de\/bibliotheken\/files\/2012\/06\/yiwu2.jpg\" alt=\"\" width=\"110\" height=\"185\" align=\"right\" \/><\/a>Der Sohn eines w\u00e4hrend der chinesischen Kulturrevolution verfolgten Intellektuellen wurde 1958 in der Provinzhauptstadt Sichuan geboren und wuchs unter \u00e4rmlichen Bedingungen auf. Obwohl Liao Yiwu der Universit\u00e4tsbesuch verweigert wurde, gelang dem wortgewandten Dichter in den 1970er Jahren mit seiner Lyrik der Aufstieg zum Staatsschriftsteller. Aufgrund seines westlichen Schreibstils kritisch von der Regierung be\u00e4ugt, zog er sich den Zorn des Regimes 1990 durch sein episches Gedicht <em>Massaker<\/em> zu. In diesem verurteilte er das im Jahr zuvor begangene Massaker auf dem Platz des Himmlischen Friedens in Peking (1989).<\/p>\n<p>Ab den 1990er Jahren wandelte sich Liao Yiwu als politischer H\u00e4ftling zum Reportageschriftsteller und beschrieb in dem sp\u00e4t ver\u00f6ffentlichten Buch <del><em>Meine Zeugenaussagen<\/em><\/del>\u00a0<em>F\u00fcr ein Lied und hundert Lieder<\/em> (2011) die Einzelschicksale von Mith\u00e4ftlingen. Internationale Bekanntheit erlangte er durch <em>Fr\u00e4ulein Hallo und der Bauernkaiser<\/em> (2008), in dem Liao Yiwu Interviews mit \u201eChinas Gesellschaft von unten\u201c, wie Wanderarbeitern, Kloputzern, Bauern, Prostituierten oder auch politischen Fl\u00fcchtlingen aus seiner Heimatregion sammelte (ausleihbar in der <a href=\"https:\/\/aleph-www.ub.fu-berlin.de\/F\/?func=item-global&amp;doc_library=FUB01&amp;doc_number=003673205&amp;year=&amp;volume=&amp;sub_library=211\">Sozialwissenschaftlichen Bibliothek<\/a>). Im Juli 2011 reiste der prominente Regimekritiker eigenen Angaben zufolge legal aus China aus und lebt seither im deutschen Exil.<\/p>\n<h6>Bild:<a href=\"https:\/\/commons.wikimedia.org\/wiki\/File:Liao_Yiwu_2010_Cologne.jpg?uselang=de\">Elke Wetzig\/Elya (GFDL\/CC-BY-SA-3.0)<\/a><\/h6>\n","protected":false},"excerpt":{"rendered":"<p>Mutig \u2013 wie der Stiftungsrat bekanntgab, geht der diesj\u00e4hrige Friedenspreis des Deutschen Buchhandels an Liao Yiwu. Die mit 25.000 Euro dotierte Auszeichnung wird der chinesische Schriftsteller am 14. Oktober 2012 anl\u00e4sslich der Frankfurter Buchmesse erhalten. Die Jury lobte Liao Yiwu in ihrer Begr\u00fcndung unter anderem als Schriftsteller und Dichter, \u201eder sprachm\u00e4chtig und unerschrocken gegen die &hellip; <a href=\"https:\/\/blogs.fu-berlin.de\/bibliotheken\/2012\/06\/21\/friedenspreis-des-deutschen-buchhandels-geht-an-liao-yiwu\/\" class=\"more-link\"><span class=\"screen-reader-text\">\u201eFriedenspreis des Deutschen Buchhandels geht an Liao Yiwu\u201c<\/span> weiterlesen<\/a><\/p>\n","protected":false},"author":293,"featured_media":0,"comment_status":"open","ping_status":"open","sticky":false,"template":"","format":"standard","meta":{"footnotes":""},"categories":[9,492],"tags":[196591,196592],"class_list":["post-11731","post","type-post","status-publish","format-standard","hentry","category-allgemein","category-literaturtipps","tag-friedenspreis-des-deutschen-buchhandels","tag-liao-yiwu"],"_links":{"self":[{"href":"https:\/\/blogs.fu-berlin.de\/bibliotheken\/wp-json\/wp\/v2\/posts\/11731","targetHints":{"allow":["GET"]}}],"collection":[{"href":"https:\/\/blogs.fu-berlin.de\/bibliotheken\/wp-json\/wp\/v2\/posts"}],"about":[{"href":"https:\/\/blogs.fu-berlin.de\/bibliotheken\/wp-json\/wp\/v2\/types\/post"}],"author":[{"embeddable":true,"href":"https:\/\/blogs.fu-berlin.de\/bibliotheken\/wp-json\/wp\/v2\/users\/293"}],"replies":[{"embeddable":true,"href":"https:\/\/blogs.fu-berlin.de\/bibliotheken\/wp-json\/wp\/v2\/comments?post=11731"}],"version-history":[{"count":16,"href":"https:\/\/blogs.fu-berlin.de\/bibliotheken\/wp-json\/wp\/v2\/posts\/11731\/revisions"}],"predecessor-version":[{"id":11750,"href":"https:\/\/blogs.fu-berlin.de\/bibliotheken\/wp-json\/wp\/v2\/posts\/11731\/revisions\/11750"}],"wp:attachment":[{"href":"https:\/\/blogs.fu-berlin.de\/bibliotheken\/wp-json\/wp\/v2\/media?parent=11731"}],"wp:term":[{"taxonomy":"category","embeddable":true,"href":"https:\/\/blogs.fu-berlin.de\/bibliotheken\/wp-json\/wp\/v2\/categories?post=11731"},{"taxonomy":"post_tag","embeddable":true,"href":"https:\/\/blogs.fu-berlin.de\/bibliotheken\/wp-json\/wp\/v2\/tags?post=11731"}],"curies":[{"name":"wp","href":"https:\/\/api.w.org\/{rel}","templated":true}]}}