{"id":11826,"date":"2012-06-29T14:31:22","date_gmt":"2012-06-29T13:31:22","guid":{"rendered":"https:\/\/blogs.fu-berlin.de\/bibliotheken\/?p=11826"},"modified":"2012-07-02T09:11:20","modified_gmt":"2012-07-02T08:11:20","slug":"bild-des-jahres-bei-wikimedia-commons-gewahlt","status":"publish","type":"post","link":"https:\/\/blogs.fu-berlin.de\/bibliotheken\/2012\/06\/29\/bild-des-jahres-bei-wikimedia-commons-gewahlt\/","title":{"rendered":"Bild des Jahres bei Wikimedia Commons gew\u00e4hlt"},"content":{"rendered":"<p>Eine nebelverhangene Landschaft ist diese Tage zum \u201e<a href=\"https:\/\/commons.wikimedia.org\/wiki\/Commons:Picture_of_the_Year\/2011?uselang=de\">Bild des Jahres 2011<\/a>\u201c auf <a href=\"https:\/\/vs13.kobv.de\/V?portal=FUBERLIN&amp;institute=FUBERLIN&amp;func=find-db-1-title&amp;mode=titles&amp;azlist=N&amp;scan_utf=&amp;scan_start=wikicommons&amp;search_type=contains&amp;restricted=all\">Wikimedia Commons<\/a> gew\u00e4hlt worden. Das Motiv passt vielleicht ganz gut zur melancholischen Stimmung, die den ein oder anderen\u00a0 nach Deutschlands gestriger Niederlage im Fu\u00dfball-EM-Halbfinale gegen Italien erfasst hat (und verbreitet eventuell bei aktuell mehr als 30 Grad Hitze in Berlin-Dahlem auch <em>k\u00fchle Gedanken<\/em>!).<\/p>\n<p style=\"text-align: left\"><a href=\"https:\/\/blogs.fu-berlin.de\/bibliotheken\/2012\/06\/29\/bild-des-jahres-bei-wikimedia-commons-gewahlt\/commons2012\/\" rel=\"attachment wp-att-11847\"><img loading=\"lazy\" decoding=\"async\" class=\"size-full wp-image-11847 alignleft\" src=\"https:\/\/blogs.fu-berlin.de\/bibliotheken\/files\/2012\/06\/commons2012.jpg\" alt=\"\" width=\"255\" height=\"166\" align=\"left\" \/><\/a><\/p>\n<h6>Blick auf den Bondhus-See in Norwegen<br \/>\n(Fotograf: <a href=\"https:\/\/commons.wikimedia.org\/wiki\/File:Lake_Bondhus_Norway_2862.jpg?uselang=de\">Heinrich Pniok\/Alchemist-hp (CC BY-NC-ND 3.0\/Free Art Licence)<\/a><\/h6>\n<p>Wikimedia Commons ist das zentrale Online-Medienarchiv, das Wikimedia-Projekte wie die freie Online-Enzyklop\u00e4die Wikipedia mit freien Bildern, Videos oder Tondateien versorgt. Die Datenbank verf\u00fcgt mittlerweile \u00fcber mehr als 13 Mio. Dateien.<br \/>\nDie Inhalte sind gemeinfrei oder unterliegen freien Lizenzen, die auch die (kostenfreie) Weiternutzung f\u00fcr (unter jeweiligen Bedingungen) m\u00f6glich macht. Neben privaten Schnappsch\u00fcssen findet man auf Commons auch regelm\u00e4\u00dfig <a href=\"https:\/\/commons.wikimedia.org\/wiki\/Commons:Kooperationen?uselang=de\">Bildspenden verschiedenster Institutionen<\/a>. 2008\/09 wurden beispielsweise mehr als 100.000 Bilder vom deutschen <a href=\"https:\/\/commons.wikimedia.org\/wiki\/Commons:Bundesarchiv\/de?uselang=de\">Bundesarchiv<\/a> und der <a href=\"https:\/\/commons.wikimedia.org\/wiki\/Commons:Deutsche_Fotothek\/de?uselang=de\">Deutschen Fotothek<\/a> zur Verf\u00fcgung gestellt.<\/p>\n","protected":false},"excerpt":{"rendered":"<p>Eine nebelverhangene Landschaft ist diese Tage zum \u201eBild des Jahres 2011\u201c auf Wikimedia Commons gew\u00e4hlt worden. Das Motiv passt vielleicht ganz gut zur melancholischen Stimmung, die den ein oder anderen\u00a0 nach Deutschlands gestriger Niederlage im Fu\u00dfball-EM-Halbfinale gegen Italien erfasst hat (und verbreitet eventuell bei aktuell mehr als 30 Grad Hitze in Berlin-Dahlem auch k\u00fchle Gedanken!). &hellip; <a href=\"https:\/\/blogs.fu-berlin.de\/bibliotheken\/2012\/06\/29\/bild-des-jahres-bei-wikimedia-commons-gewahlt\/\" class=\"more-link\"><span class=\"screen-reader-text\">\u201eBild des Jahres bei Wikimedia Commons gew\u00e4hlt\u201c<\/span> weiterlesen<\/a><\/p>\n","protected":false},"author":293,"featured_media":0,"comment_status":"open","ping_status":"open","sticky":false,"template":"","format":"standard","meta":{"footnotes":""},"categories":[457,604,603],"tags":[8694,8692],"class_list":["post-11826","post","type-post","status-publish","format-standard","hentry","category-digitale-bibliothek","category-ins-netz-geschaut","category-vorgestellt","tag-bild-des-jahres-2011","tag-wikimedia-commons"],"_links":{"self":[{"href":"https:\/\/blogs.fu-berlin.de\/bibliotheken\/wp-json\/wp\/v2\/posts\/11826","targetHints":{"allow":["GET"]}}],"collection":[{"href":"https:\/\/blogs.fu-berlin.de\/bibliotheken\/wp-json\/wp\/v2\/posts"}],"about":[{"href":"https:\/\/blogs.fu-berlin.de\/bibliotheken\/wp-json\/wp\/v2\/types\/post"}],"author":[{"embeddable":true,"href":"https:\/\/blogs.fu-berlin.de\/bibliotheken\/wp-json\/wp\/v2\/users\/293"}],"replies":[{"embeddable":true,"href":"https:\/\/blogs.fu-berlin.de\/bibliotheken\/wp-json\/wp\/v2\/comments?post=11826"}],"version-history":[{"count":38,"href":"https:\/\/blogs.fu-berlin.de\/bibliotheken\/wp-json\/wp\/v2\/posts\/11826\/revisions"}],"predecessor-version":[{"id":11863,"href":"https:\/\/blogs.fu-berlin.de\/bibliotheken\/wp-json\/wp\/v2\/posts\/11826\/revisions\/11863"}],"wp:attachment":[{"href":"https:\/\/blogs.fu-berlin.de\/bibliotheken\/wp-json\/wp\/v2\/media?parent=11826"}],"wp:term":[{"taxonomy":"category","embeddable":true,"href":"https:\/\/blogs.fu-berlin.de\/bibliotheken\/wp-json\/wp\/v2\/categories?post=11826"},{"taxonomy":"post_tag","embeddable":true,"href":"https:\/\/blogs.fu-berlin.de\/bibliotheken\/wp-json\/wp\/v2\/tags?post=11826"}],"curies":[{"name":"wp","href":"https:\/\/api.w.org\/{rel}","templated":true}]}}