{"id":11963,"date":"2012-07-11T12:22:31","date_gmt":"2012-07-11T11:22:31","guid":{"rendered":"https:\/\/blogs.fu-berlin.de\/bibliotheken\/?p=11963"},"modified":"2021-09-16T13:18:31","modified_gmt":"2021-09-16T12:18:31","slug":"manifest-zur-neugrundung-europas-von-unten","status":"publish","type":"post","link":"https:\/\/blogs.fu-berlin.de\/bibliotheken\/2012\/07\/11\/manifest-zur-neugrundung-europas-von-unten\/","title":{"rendered":"Manifest zur Neugr\u00fcndung Europas von unten"},"content":{"rendered":"\n<p><em><span class=\"has-inline-color has-bright-red-color\">Der Betrieb des \u201eDokumentationszentrums UN \u2013 EU\u201c wird eingestellt. Die entsprechende Literatur bleibt im Bestand und ist weiterhin zug\u00e4nglich.<\/span><\/em><\/p>\n\n\n<p>Hauptaufgabe des Europ\u00e4ischen Dokumentationszentrums (EDZ) in der Universit\u00e4tsbibliothek ist es, Studium, Lehre und Forschung zu Themen der europ\u00e4ische Integration zu unterst\u00fctzen. Das EDZ macht keine Werbung f\u00fcr die Europ\u00e4ische Union, es informiert \u00fcber die EU.<\/p>\n<p>Dennoch: Hier kommt aus dem EDZ zur Abwechslung mal der Hinweis auf eine politische Initiative: Der Aufruf <a href=\"https:\/\/manifest-europa.eu\/category\/allgemein?lang=de\" target=\"_blank\" rel=\"noopener noreferrer\">Wir sind Europa! Manifest zur Neugr\u00fcndung Europas von unten<\/a> fordert die zust\u00e4ndigen europ\u00e4ischen und nationalen Einrichtungen dazu auf, &#8222;sowohl die finanziellen wie auch rechtlichen Voraussetzungen f\u00fcr ein Freiwilliges Europ\u00e4isches Jahr f\u00fcr alle bereitzustellen \u2013 als Gegenmodell zum Europa von oben, dem bisher vorherrschenden Europa der Eliten und Technokraten&#8220;. Ankn\u00fcpfungspunkte f\u00fcr die Initiative sind der bereits existierende <a href=\"https:\/\/ec.europa.eu\/youth\/youth-in-action-programme\/european-voluntary-service_de.htm\" target=\"_blank\" rel=\"noopener noreferrer\">Europ\u00e4ische Freiwilligendienst<\/a> und das von der EU-Kommission ab 2014 geplante Programm <a href=\"https:\/\/ec.europa.eu\/education\/erasmus-for-all\/index_de.htm\" target=\"_blank\" rel=\"noopener noreferrer\">Erasmus f\u00fcr alle<\/a>. Wenn man das Motto der Initiatoren Ulrich Beck und Daniel Cohn-Bendit gut findet &#8211; &#8222;Frage nicht, was Europa f\u00fcr dich tun kann, frage vielmehr, was du f\u00fcr Europa tun kannst&#8220;, kann man den Aufruf unterschreiben.<\/p>","protected":false},"excerpt":{"rendered":"<p>Der Betrieb des \u201eDokumentationszentrums UN \u2013 EU\u201c wird eingestellt. Die entsprechende Literatur bleibt im Bestand und ist weiterhin zug\u00e4nglich. Hauptaufgabe des Europ\u00e4ischen Dokumentationszentrums (EDZ) in der Universit\u00e4tsbibliothek ist es, Studium, Lehre und Forschung zu Themen der europ\u00e4ische Integration zu unterst\u00fctzen. Das EDZ macht keine Werbung f\u00fcr die Europ\u00e4ische Union, es informiert \u00fcber die EU. Dennoch: &hellip; <a href=\"https:\/\/blogs.fu-berlin.de\/bibliotheken\/2012\/07\/11\/manifest-zur-neugrundung-europas-von-unten\/\" class=\"more-link\"><span class=\"screen-reader-text\">\u201eManifest zur Neugr\u00fcndung Europas von unten\u201c<\/span> weiterlesen<\/a><\/p>\n","protected":false},"author":279,"featured_media":0,"comment_status":"open","ping_status":"open","sticky":false,"template":"","format":"standard","meta":{"footnotes":""},"categories":[604],"tags":[],"class_list":["post-11963","post","type-post","status-publish","format-standard","hentry","category-ins-netz-geschaut"],"_links":{"self":[{"href":"https:\/\/blogs.fu-berlin.de\/bibliotheken\/wp-json\/wp\/v2\/posts\/11963","targetHints":{"allow":["GET"]}}],"collection":[{"href":"https:\/\/blogs.fu-berlin.de\/bibliotheken\/wp-json\/wp\/v2\/posts"}],"about":[{"href":"https:\/\/blogs.fu-berlin.de\/bibliotheken\/wp-json\/wp\/v2\/types\/post"}],"author":[{"embeddable":true,"href":"https:\/\/blogs.fu-berlin.de\/bibliotheken\/wp-json\/wp\/v2\/users\/279"}],"replies":[{"embeddable":true,"href":"https:\/\/blogs.fu-berlin.de\/bibliotheken\/wp-json\/wp\/v2\/comments?post=11963"}],"version-history":[{"count":10,"href":"https:\/\/blogs.fu-berlin.de\/bibliotheken\/wp-json\/wp\/v2\/posts\/11963\/revisions"}],"predecessor-version":[{"id":29585,"href":"https:\/\/blogs.fu-berlin.de\/bibliotheken\/wp-json\/wp\/v2\/posts\/11963\/revisions\/29585"}],"wp:attachment":[{"href":"https:\/\/blogs.fu-berlin.de\/bibliotheken\/wp-json\/wp\/v2\/media?parent=11963"}],"wp:term":[{"taxonomy":"category","embeddable":true,"href":"https:\/\/blogs.fu-berlin.de\/bibliotheken\/wp-json\/wp\/v2\/categories?post=11963"},{"taxonomy":"post_tag","embeddable":true,"href":"https:\/\/blogs.fu-berlin.de\/bibliotheken\/wp-json\/wp\/v2\/tags?post=11963"}],"curies":[{"name":"wp","href":"https:\/\/api.w.org\/{rel}","templated":true}]}}