{"id":11998,"date":"2012-07-13T15:02:17","date_gmt":"2012-07-13T14:02:17","guid":{"rendered":"https:\/\/blogs.fu-berlin.de\/bibliotheken\/?p=11998"},"modified":"2012-07-13T15:06:32","modified_gmt":"2012-07-13T14:06:32","slug":"bibliothekarische-vornamen","status":"publish","type":"post","link":"https:\/\/blogs.fu-berlin.de\/bibliotheken\/2012\/07\/13\/bibliothekarische-vornamen\/","title":{"rendered":"Bibliothekarische Vornamen"},"content":{"rendered":"<p>In jeder Berufsbranche st\u00f6\u00dft man auf die merkw\u00fcrdigsten K\u00fcrzel und Akronyme. In dieser Hinsicht bildet der Bibliotheksbereich keine Ausnahme, wie man bei <a href=\"https:\/\/bibliothekarisch.de\/blog\/2012\/07\/12\/kindernamen-fuer-bibliotheksmenschen\/\">Bibliothekarisch.de<\/a> nachlesen kann. Dort wird aktuell in einem Blogposting nach Akronymen aus dem Arbeitsalltag gefahndet, die Vornamen \u00e4hneln. F\u00fcr werdende M\u00fctter aus der Branche die schnelle und bequeme Alternative zum Griff ins Namenslexikon. Wer kann schon ungeniert von sich behaupten, an seinem Arbeitstag mit <a href=\"https:\/\/www.sub.uni-hamburg.de\/bibliotheken\/projekte\/chatbot-stella.html\">Stella<\/a> geflirtet oder die Hilfe von <a href=\"https:\/\/vs13.kobv.de\/V?portal=FUBERLIN&amp;institute=FUBERLIN&amp;func=find-db-1-title&amp;mode=titles&amp;azlist=N&amp;scan_utf=&amp;scan_start=ariadne&amp;search_type=contains&amp;restricted=all\">Ariadne<\/a>, <a href=\"https:\/\/vs13.kobv.de\/V?portal=FUBERLIN&amp;institute=FUBERLIN&amp;func=find-db-1-title&amp;mode=titles&amp;azlist=N&amp;scan_utf=&amp;scan_start=dafne&amp;search_type=contains&amp;restricted=all\">Dafne<\/a> oder <a href=\"https:\/\/www.ub.uni-heidelberg.de\/helios\/kataloge\/heidi.html\">Heidi<\/a> in Anspruch genommen zu haben? Wer hat heute nicht schon ein Auge auf <a href=\"https:\/\/vs13.kobv.de\/V?portal=FUBERLIN&amp;institute=FUBERLIN&amp;func=find-db-1-title&amp;mode=titles&amp;azlist=N&amp;scan_utf=&amp;scan_start=dewey&amp;search_type=contains&amp;restricted=all\">Dewey<\/a> geworfen und wem kam das Treffen mit <a href=\"https:\/\/vs13.kobv.de\/V?portal=FUBERLIN&amp;institute=FUBERLIN&amp;func=find-db-1-title&amp;mode=titles&amp;azlist=N&amp;scan_utf=&amp;scan_start=pauly&amp;search_type=contains&amp;restricted=all\">Pauly<\/a> zu kurzweilig vor? Wer hat <a href=\"https:\/\/www.loc.gov\/marc\/\">Marc<\/a> nicht bekommen und wie sieht es eigentlich mit dem fest eingeplanten Besuch von <a href=\"https:\/\/www.exlibrisgroup.com\/de\/category\/AlmaUeberblick\">Alma<\/a> aus? Sind noch weitere Hilfswerkzeuge im Bibliotheksalltag gel\u00e4ufig, die man theoretisch dutzen k\u00f6nnte?<\/p>\n","protected":false},"excerpt":{"rendered":"<p>In jeder Berufsbranche st\u00f6\u00dft man auf die merkw\u00fcrdigsten K\u00fcrzel und Akronyme. In dieser Hinsicht bildet der Bibliotheksbereich keine Ausnahme, wie man bei Bibliothekarisch.de nachlesen kann. Dort wird aktuell in einem Blogposting nach Akronymen aus dem Arbeitsalltag gefahndet, die Vornamen \u00e4hneln. F\u00fcr werdende M\u00fctter aus der Branche die schnelle und bequeme Alternative zum Griff ins Namenslexikon. &hellip; <a href=\"https:\/\/blogs.fu-berlin.de\/bibliotheken\/2012\/07\/13\/bibliothekarische-vornamen\/\" class=\"more-link\"><span class=\"screen-reader-text\">\u201eBibliothekarische Vornamen\u201c<\/span> weiterlesen<\/a><\/p>\n","protected":false},"author":293,"featured_media":0,"comment_status":"open","ping_status":"open","sticky":false,"template":"","format":"standard","meta":{"footnotes":""},"categories":[604],"tags":[8706,8707,519,8708],"class_list":["post-11998","post","type-post","status-publish","format-standard","hentry","category-ins-netz-geschaut","tag-akronyme","tag-berufsalltag","tag-library-fun","tag-vornamen"],"_links":{"self":[{"href":"https:\/\/blogs.fu-berlin.de\/bibliotheken\/wp-json\/wp\/v2\/posts\/11998","targetHints":{"allow":["GET"]}}],"collection":[{"href":"https:\/\/blogs.fu-berlin.de\/bibliotheken\/wp-json\/wp\/v2\/posts"}],"about":[{"href":"https:\/\/blogs.fu-berlin.de\/bibliotheken\/wp-json\/wp\/v2\/types\/post"}],"author":[{"embeddable":true,"href":"https:\/\/blogs.fu-berlin.de\/bibliotheken\/wp-json\/wp\/v2\/users\/293"}],"replies":[{"embeddable":true,"href":"https:\/\/blogs.fu-berlin.de\/bibliotheken\/wp-json\/wp\/v2\/comments?post=11998"}],"version-history":[{"count":8,"href":"https:\/\/blogs.fu-berlin.de\/bibliotheken\/wp-json\/wp\/v2\/posts\/11998\/revisions"}],"predecessor-version":[{"id":12015,"href":"https:\/\/blogs.fu-berlin.de\/bibliotheken\/wp-json\/wp\/v2\/posts\/11998\/revisions\/12015"}],"wp:attachment":[{"href":"https:\/\/blogs.fu-berlin.de\/bibliotheken\/wp-json\/wp\/v2\/media?parent=11998"}],"wp:term":[{"taxonomy":"category","embeddable":true,"href":"https:\/\/blogs.fu-berlin.de\/bibliotheken\/wp-json\/wp\/v2\/categories?post=11998"},{"taxonomy":"post_tag","embeddable":true,"href":"https:\/\/blogs.fu-berlin.de\/bibliotheken\/wp-json\/wp\/v2\/tags?post=11998"}],"curies":[{"name":"wp","href":"https:\/\/api.w.org\/{rel}","templated":true}]}}