{"id":1207,"date":"2009-05-28T13:21:18","date_gmt":"2009-05-28T12:21:18","guid":{"rendered":"https:\/\/blogs.fu-berlin.de\/bibliotheken\/?p=1207"},"modified":"2009-05-28T13:21:18","modified_gmt":"2009-05-28T12:21:18","slug":"hu-bibliotheken-ziehen-ab-juni-um","status":"publish","type":"post","link":"https:\/\/blogs.fu-berlin.de\/bibliotheken\/2009\/05\/28\/hu-bibliotheken-ziehen-ab-juni-um\/","title":{"rendered":"HU-Bibliotheken ziehen ab Juni um"},"content":{"rendered":"<p><img decoding=\"async\" src=\"https:\/\/www.grimm-zentrum.hu-berlin.de\/profil\/head_left_image\" align=\"right\">Im Zuge der Konzentration des Bibliothekssystems der HU auf gr\u00f6\u00dfere und leistungsf\u00e4higere moderne Standorte werden im <strong>Zeitraum Juni bis Oktober 2009<\/strong> die Zentralbibliothek sowie mehrere Zweig- und Teilbibliotheken umziehen.<br \/>\nDie Zentralbibliothek wird daher ab dem 13.06.2009 geschlossen sein. Bereits ab dem 09.06.2009 k\u00f6nnen keine Magazinbestellungen mehr bearbeitet werden. Der Lesesaal wird vom 02.06. bis zum 12.06. nur bis 15:00 Uhr ge\u00f6ffnet sein und bleibt am 06.06. geschlossen.<\/p>\n<p>Mehr dazu auf der <a href=\"https:\/\/www.ub.hu-berlin.de\/aktuell\/#Umzuege\">Webseite der UB der HU Berlin<\/a>.<\/p>\n<p>Mitte Oktober wird der Neubau, das  <a href=\"https:\/\/www.grimm-zentrum.hu-berlin.de\/profil\">Jacob-und-Wilhelm-Grimm-Zentrum, Zentralbibliothek und Computer- und Medienservice (Standort Mitte) <\/a>er\u00f6ffnet werden.<\/p>\n","protected":false},"excerpt":{"rendered":"<p>Im Zuge der Konzentration des Bibliothekssystems der HU auf gr\u00f6\u00dfere und leistungsf\u00e4higere moderne Standorte werden im Zeitraum Juni bis Oktober 2009 die Zentralbibliothek sowie mehrere Zweig- und Teilbibliotheken umziehen. Die Zentralbibliothek wird daher ab dem 13.06.2009 geschlossen sein. Bereits ab dem 09.06.2009 k\u00f6nnen keine Magazinbestellungen mehr bearbeitet werden. Der Lesesaal wird vom 02.06. bis zum &hellip; <a href=\"https:\/\/blogs.fu-berlin.de\/bibliotheken\/2009\/05\/28\/hu-bibliotheken-ziehen-ab-juni-um\/\" class=\"more-link\"><span class=\"screen-reader-text\">\u201eHU-Bibliotheken ziehen ab Juni um\u201c<\/span> weiterlesen<\/a><\/p>\n","protected":false},"author":265,"featured_media":0,"comment_status":"open","ping_status":"open","sticky":false,"template":"","format":"standard","meta":{"footnotes":""},"categories":[599],"tags":[777,775,641,778,776],"class_list":["post-1207","post","type-post","status-publish","format-standard","hentry","category-bibliothekswesen","tag-humboldt-universitat-berlin","tag-jacob-und-wilhelm-grimm-zentrum","tag-offnungszeiten","tag-umzug","tag-zentralbibliothek"],"_links":{"self":[{"href":"https:\/\/blogs.fu-berlin.de\/bibliotheken\/wp-json\/wp\/v2\/posts\/1207","targetHints":{"allow":["GET"]}}],"collection":[{"href":"https:\/\/blogs.fu-berlin.de\/bibliotheken\/wp-json\/wp\/v2\/posts"}],"about":[{"href":"https:\/\/blogs.fu-berlin.de\/bibliotheken\/wp-json\/wp\/v2\/types\/post"}],"author":[{"embeddable":true,"href":"https:\/\/blogs.fu-berlin.de\/bibliotheken\/wp-json\/wp\/v2\/users\/265"}],"replies":[{"embeddable":true,"href":"https:\/\/blogs.fu-berlin.de\/bibliotheken\/wp-json\/wp\/v2\/comments?post=1207"}],"version-history":[{"count":4,"href":"https:\/\/blogs.fu-berlin.de\/bibliotheken\/wp-json\/wp\/v2\/posts\/1207\/revisions"}],"predecessor-version":[{"id":1211,"href":"https:\/\/blogs.fu-berlin.de\/bibliotheken\/wp-json\/wp\/v2\/posts\/1207\/revisions\/1211"}],"wp:attachment":[{"href":"https:\/\/blogs.fu-berlin.de\/bibliotheken\/wp-json\/wp\/v2\/media?parent=1207"}],"wp:term":[{"taxonomy":"category","embeddable":true,"href":"https:\/\/blogs.fu-berlin.de\/bibliotheken\/wp-json\/wp\/v2\/categories?post=1207"},{"taxonomy":"post_tag","embeddable":true,"href":"https:\/\/blogs.fu-berlin.de\/bibliotheken\/wp-json\/wp\/v2\/tags?post=1207"}],"curies":[{"name":"wp","href":"https:\/\/api.w.org\/{rel}","templated":true}]}}