{"id":12092,"date":"2012-07-19T10:25:12","date_gmt":"2012-07-19T09:25:12","guid":{"rendered":"https:\/\/blogs.fu-berlin.de\/bibliotheken\/?p=12092"},"modified":"2012-07-20T10:41:30","modified_gmt":"2012-07-20T09:41:30","slug":"dnb-nimmt-historische-judische-periodika-aus-dem-netz","status":"publish","type":"post","link":"https:\/\/blogs.fu-berlin.de\/bibliotheken\/2012\/07\/19\/dnb-nimmt-historische-judische-periodika-aus-dem-netz\/","title":{"rendered":"DNB nimmt historische Periodika aus dem Netz"},"content":{"rendered":"<p style=\"text-align: left\">In den letzten Tagen hat sich bedauernswerter Weise in bibliothekarischen Mailinglisten und Blogs die Nachricht verbreitet, dass die <a href=\"https:\/\/www.dnb.de\/DE\/Home\/home_node.html\">Deutsche Nationalbibliothek<\/a> (DNB) den Zugriff auf die beiden Datenbanken <em>Exilpresse digital<\/em> und\u00a0<em>J\u00fcdische Periodika in NS-Deutschland<\/em> eingeschr\u00e4nkt hat. Waren die beiden Titel vorher kostenfrei im Fernzugriff f\u00fcr jeden Interessierten zug\u00e4nglich, sind sie das k\u00fcnftig nach einer \u201e\u00dcbergangszeit\u201c nur noch vor Ort in den Leses\u00e4len der DNB in Leipzig und Frankfurt am Main. Laut den entsprechenden DNB-Seiten k\u00f6nnten die beiden Angebote aus <a href=\"https:\/\/www.dnb.de\/DE\/DEA\/Kataloge\/Exilpresse\/exilpresse_node.html\">\u201erechtlichen Gr\u00fcnden\u201c<\/a> nicht mehr bereitgestellt werden. Beide Datenbanken entstammen Digitalisierungsprojekten, die von der Deutschen Forschungsgemeinschaft (DFG) gef\u00f6rdert wurden.<a href=\"https:\/\/blogs.fu-berlin.de\/bibliotheken\/files\/2012\/07\/exilpresse.jpg\"><img loading=\"lazy\" decoding=\"async\" class=\"aligncenter size-medium wp-image-12093\" src=\"https:\/\/blogs.fu-berlin.de\/bibliotheken\/files\/2012\/07\/exilpresse-300x146.jpg\" alt=\"\" width=\"300\" height=\"146\" align=\"center\" srcset=\"https:\/\/blogs.fu-berlin.de\/bibliotheken\/files\/2012\/07\/exilpresse-300x146.jpg 300w, https:\/\/blogs.fu-berlin.de\/bibliotheken\/files\/2012\/07\/exilpresse.jpg 400w\" sizes=\"auto, (max-width: 300px) 85vw, 300px\" \/><\/a><\/p>\n<p>Der Titel <em>Exilpresse Digital<\/em>, der auch in der Digitalen Bibliothek der FU vertreten war, enthielt 30 digitalisierte Zeitschriften mit ca. 100.000 Seiten aus dem Bestand des Deutschen Exilarchivs und der Sammlung Exil-Literatur. Diese sollten ein m\u00f6glichst breites Spektrum der Exilpresse der Jahre 1933 bis 1945 pr\u00e4sentieren. Unter anderem waren Titel wie <em>Aufbau<\/em> (New York), <em>Das Andere Deutschland<\/em> \/ <em>La Otra Alemania<\/em> (Buenos Aires\/Montevideo) , <em>Das blaue Heft<\/em> und <em>Der deutsche Schriftsteller<\/em> (beide Paris), <em>Freie deutsche Kultur<\/em> (London) oder <em>Neuer Vorw\u00e4rts<\/em> (Karlsbad; Paris) vertreten.<\/p>\n<p><em>J\u00fcdische Periodika in NS-Deutschland<\/em> erschloss die wichtigsten in Deutschland nach der nationalsozialistischen Macht\u00fcbernahme 1933 bzw. kurz zuvor gegr\u00fcndeten j\u00fcdischen Periodika. Dabei handelte es sich um sehr seltenes Material, zumeist Organe der Selbsthilfeeinrichtungen der j\u00fcdischen Gemeinschaft.<\/p>\n<p>&nbsp;<\/p>\n","protected":false},"excerpt":{"rendered":"<p>In den letzten Tagen hat sich bedauernswerter Weise in bibliothekarischen Mailinglisten und Blogs die Nachricht verbreitet, dass die Deutsche Nationalbibliothek (DNB) den Zugriff auf die beiden Datenbanken Exilpresse digital und\u00a0J\u00fcdische Periodika in NS-Deutschland eingeschr\u00e4nkt hat. Waren die beiden Titel vorher kostenfrei im Fernzugriff f\u00fcr jeden Interessierten zug\u00e4nglich, sind sie das k\u00fcnftig nach einer \u201e\u00dcbergangszeit\u201c nur &hellip; <a href=\"https:\/\/blogs.fu-berlin.de\/bibliotheken\/2012\/07\/19\/dnb-nimmt-historische-judische-periodika-aus-dem-netz\/\" class=\"more-link\"><span class=\"screen-reader-text\">\u201eDNB nimmt historische Periodika aus dem Netz\u201c<\/span> weiterlesen<\/a><\/p>\n","protected":false},"author":293,"featured_media":0,"comment_status":"open","ping_status":"open","sticky":false,"template":"","format":"standard","meta":{"footnotes":""},"categories":[457,584805],"tags":[8718,3005,471,8717,1215],"class_list":["post-12092","post","type-post","status-publish","format-standard","hentry","category-digitale-bibliothek","category-was-ist-neu","tag-depublizieren","tag-deutsche-nationalbibliothek","tag-geschichte","tag-judische-periodika","tag-nationalsozialismus"],"_links":{"self":[{"href":"https:\/\/blogs.fu-berlin.de\/bibliotheken\/wp-json\/wp\/v2\/posts\/12092","targetHints":{"allow":["GET"]}}],"collection":[{"href":"https:\/\/blogs.fu-berlin.de\/bibliotheken\/wp-json\/wp\/v2\/posts"}],"about":[{"href":"https:\/\/blogs.fu-berlin.de\/bibliotheken\/wp-json\/wp\/v2\/types\/post"}],"author":[{"embeddable":true,"href":"https:\/\/blogs.fu-berlin.de\/bibliotheken\/wp-json\/wp\/v2\/users\/293"}],"replies":[{"embeddable":true,"href":"https:\/\/blogs.fu-berlin.de\/bibliotheken\/wp-json\/wp\/v2\/comments?post=12092"}],"version-history":[{"count":14,"href":"https:\/\/blogs.fu-berlin.de\/bibliotheken\/wp-json\/wp\/v2\/posts\/12092\/revisions"}],"predecessor-version":[{"id":12119,"href":"https:\/\/blogs.fu-berlin.de\/bibliotheken\/wp-json\/wp\/v2\/posts\/12092\/revisions\/12119"}],"wp:attachment":[{"href":"https:\/\/blogs.fu-berlin.de\/bibliotheken\/wp-json\/wp\/v2\/media?parent=12092"}],"wp:term":[{"taxonomy":"category","embeddable":true,"href":"https:\/\/blogs.fu-berlin.de\/bibliotheken\/wp-json\/wp\/v2\/categories?post=12092"},{"taxonomy":"post_tag","embeddable":true,"href":"https:\/\/blogs.fu-berlin.de\/bibliotheken\/wp-json\/wp\/v2\/tags?post=12092"}],"curies":[{"name":"wp","href":"https:\/\/api.w.org\/{rel}","templated":true}]}}