{"id":12100,"date":"2012-07-19T11:59:06","date_gmt":"2012-07-19T10:59:06","guid":{"rendered":"https:\/\/blogs.fu-berlin.de\/bibliotheken\/?p=12100"},"modified":"2012-07-19T11:59:06","modified_gmt":"2012-07-19T10:59:06","slug":"bereichsbibliothek-erziehungswissenschaften-fachdidaktik-und-psychologie-zieht-um","status":"publish","type":"post","link":"https:\/\/blogs.fu-berlin.de\/bibliotheken\/2012\/07\/19\/bereichsbibliothek-erziehungswissenschaften-fachdidaktik-und-psychologie-zieht-um\/","title":{"rendered":"Bereichsbibliothek Erziehungswissenschaften, Fachdidaktik und Psychologie zieht um"},"content":{"rendered":"<p>In Vorbereitung auf den f\u00fcr 2015 geplanten <a href=\"https:\/\/www.ub.fu-berlin.de\/projekt24in1\/\">Zusammenschluss mit der neuen Bibliothek f\u00fcr die Kleinen F\u00e4cher und die Naturwissenschaften<\/a> wird das Geb\u00e4ude der Bereichsbibliothek Erziehungswissenschaft, Fachdidaktik und Psychologie einer unumg\u00e4nglichen Sanierung unterzogen und f\u00fcr ca. drei Jahre geschlossen.<\/p>\n<p>Die Bibliothek und ihre gesamten Best\u00e4nde werden w\u00e4hrend dieser Zeit weiterhin benutzbar sein.<\/p>\n<p>Die wichtigsten Best\u00e4nde werden in einem Interimsstandort in der Van&#8217;t-Hoff-Str. 6 (\u00fcber der \u201eVeggie No 1 &#8211; die Gr\u00fcne Mensa\u201c) untergebracht und stehen dort nach einer kurzen Umzugsphase zu den gewohnten \u00d6ffnungszeiten zur Verf\u00fcgung.<\/p>\n<p>Der Umzug wird vom 25.07.2012 bis 20.08.2012 stattfinden, wobei die Benutzung nur<br \/>\nin der Zeit vom 13.08.2012 &#8211; 19.08.2012 unterbrochen wird.<\/p>\n<p>Aktuelle <a href=\"https:\/\/www.ewi-psy.fu-berlin.de\/einrichtungen\/serviceeinrichtungen\/ewibib\/bibliotheksumzug\/index.html\" title=\"Umzug\">Informationen und einen detaillierten Terminplan<\/a> finden Sie auf den Seiten der Erziehungswissenschaftlichen Bibliothek.<\/p>\n","protected":false},"excerpt":{"rendered":"<p>In Vorbereitung auf den f\u00fcr 2015 geplanten Zusammenschluss mit der neuen Bibliothek f\u00fcr die Kleinen F\u00e4cher und die Naturwissenschaften wird das Geb\u00e4ude der Bereichsbibliothek Erziehungswissenschaft, Fachdidaktik und Psychologie einer unumg\u00e4nglichen Sanierung unterzogen und f\u00fcr ca. drei Jahre geschlossen. Die Bibliothek und ihre gesamten Best\u00e4nde werden w\u00e4hrend dieser Zeit weiterhin benutzbar sein. Die wichtigsten Best\u00e4nde werden &hellip; <a href=\"https:\/\/blogs.fu-berlin.de\/bibliotheken\/2012\/07\/19\/bereichsbibliothek-erziehungswissenschaften-fachdidaktik-und-psychologie-zieht-um\/\" class=\"more-link\"><span class=\"screen-reader-text\">\u201eBereichsbibliothek Erziehungswissenschaften, Fachdidaktik und Psychologie zieht um\u201c<\/span> weiterlesen<\/a><\/p>\n","protected":false},"author":265,"featured_media":0,"comment_status":"open","ping_status":"open","sticky":false,"template":"","format":"standard","meta":{"footnotes":""},"categories":[600],"tags":[886,778],"class_list":["post-12100","post","type-post","status-publish","format-standard","hentry","category-fachbibliotheken","tag-bereichsbibliothek-erziehungswissenschaft-fachdidaktik-und-psychologie","tag-umzug"],"_links":{"self":[{"href":"https:\/\/blogs.fu-berlin.de\/bibliotheken\/wp-json\/wp\/v2\/posts\/12100","targetHints":{"allow":["GET"]}}],"collection":[{"href":"https:\/\/blogs.fu-berlin.de\/bibliotheken\/wp-json\/wp\/v2\/posts"}],"about":[{"href":"https:\/\/blogs.fu-berlin.de\/bibliotheken\/wp-json\/wp\/v2\/types\/post"}],"author":[{"embeddable":true,"href":"https:\/\/blogs.fu-berlin.de\/bibliotheken\/wp-json\/wp\/v2\/users\/265"}],"replies":[{"embeddable":true,"href":"https:\/\/blogs.fu-berlin.de\/bibliotheken\/wp-json\/wp\/v2\/comments?post=12100"}],"version-history":[{"count":4,"href":"https:\/\/blogs.fu-berlin.de\/bibliotheken\/wp-json\/wp\/v2\/posts\/12100\/revisions"}],"predecessor-version":[{"id":12112,"href":"https:\/\/blogs.fu-berlin.de\/bibliotheken\/wp-json\/wp\/v2\/posts\/12100\/revisions\/12112"}],"wp:attachment":[{"href":"https:\/\/blogs.fu-berlin.de\/bibliotheken\/wp-json\/wp\/v2\/media?parent=12100"}],"wp:term":[{"taxonomy":"category","embeddable":true,"href":"https:\/\/blogs.fu-berlin.de\/bibliotheken\/wp-json\/wp\/v2\/categories?post=12100"},{"taxonomy":"post_tag","embeddable":true,"href":"https:\/\/blogs.fu-berlin.de\/bibliotheken\/wp-json\/wp\/v2\/tags?post=12100"}],"curies":[{"name":"wp","href":"https:\/\/api.w.org\/{rel}","templated":true}]}}