{"id":12360,"date":"2012-08-08T09:23:00","date_gmt":"2012-08-08T08:23:00","guid":{"rendered":"https:\/\/blogs.fu-berlin.de\/bibliotheken\/?p=12360"},"modified":"2021-09-16T11:29:27","modified_gmt":"2021-09-16T10:29:27","slug":"lesesaal-der-universitatsbibliothek-vom-24-08-bis-zum-03-09-2012-geschlossen","status":"publish","type":"post","link":"https:\/\/blogs.fu-berlin.de\/bibliotheken\/2012\/08\/08\/lesesaal-der-universitatsbibliothek-vom-24-08-bis-zum-03-09-2012-geschlossen\/","title":{"rendered":"Lesesaal der Universit\u00e4tsbibliothek vom 24.08. bis zum 03.09.2012 geschlossen"},"content":{"rendered":"\n<p><em><span class=\"has-inline-color has-bright-red-color\">Der Betrieb des \u201eDokumentationszentrums UN \u2013 EU\u201c wird eingestellt. Die entsprechende Literatur bleibt im Bestand und ist weiterhin zug\u00e4nglich.<\/span><\/em><\/p>\n\n\n<h5><strong>Die Arbeiten sind abgeschlossen, sodass der Lesesaal ab heute, dem 3.9.2012 ab 12 Uhr wieder zur Verf\u00fcgung steht.<\/strong><\/h5>\n<p>Der Lesesaal, das Zeitschriftenfreihandmagazin (ZFM) und das Dokumentationszentrum UN-EU werden von Freitag dem 24.8.2012 bis Montag den 3.9.2012 f\u00fcr die Benutzung geschlossen. Damit schlie\u00dft die Universit\u00e4tsbibliothek in diesem Zeitraum auch eine Stunde fr\u00fcher &#8211; anstatt wie gewohnt um 20 Uhr bereits um 19 Uhr.<\/p>\n<p>Ausleihen aus dem ZFM sind \u00fcber eine Bestellung im FU-Katalog oder im Bibliotheksportal Primo m\u00f6glich. Bestellungen direkt in den Lesesaal werden z. Zt. vom System unterbunden und sind sp\u00e4testens wieder am 3. September m\u00f6glich. Das Dokumentationszentrum UN-EU ist auch w\u00e4hrend der Schliessung telefonisch (838-523 99) und \u00fcber E-Mail (uneu-dok@ub.fu-berlin.de) erreichbar.<\/p>\n<p>Der Lesesaal wird geschlossen, um die Entrauchungsfenster im Dach und die L\u00fcftungsrohre zu sanieren.<\/p>","protected":false},"excerpt":{"rendered":"<p>Der Betrieb des \u201eDokumentationszentrums UN \u2013 EU\u201c wird eingestellt. Die entsprechende Literatur bleibt im Bestand und ist weiterhin zug\u00e4nglich. Die Arbeiten sind abgeschlossen, sodass der Lesesaal ab heute, dem 3.9.2012 ab 12 Uhr wieder zur Verf\u00fcgung steht. Der Lesesaal, das Zeitschriftenfreihandmagazin (ZFM) und das Dokumentationszentrum UN-EU werden von Freitag dem 24.8.2012 bis Montag den 3.9.2012 &hellip; <a href=\"https:\/\/blogs.fu-berlin.de\/bibliotheken\/2012\/08\/08\/lesesaal-der-universitatsbibliothek-vom-24-08-bis-zum-03-09-2012-geschlossen\/\" class=\"more-link\"><span class=\"screen-reader-text\">\u201eLesesaal der Universit\u00e4tsbibliothek vom 24.08. bis zum 03.09.2012 geschlossen\u201c<\/span> weiterlesen<\/a><\/p>\n","protected":false},"author":265,"featured_media":0,"comment_status":"open","ping_status":"open","sticky":false,"template":"","format":"standard","meta":{"footnotes":""},"categories":[601],"tags":[728,949],"class_list":["post-12360","post","type-post","status-publish","format-standard","hentry","category-universitatsbibliothek","tag-lesesaal","tag-schliesung"],"_links":{"self":[{"href":"https:\/\/blogs.fu-berlin.de\/bibliotheken\/wp-json\/wp\/v2\/posts\/12360","targetHints":{"allow":["GET"]}}],"collection":[{"href":"https:\/\/blogs.fu-berlin.de\/bibliotheken\/wp-json\/wp\/v2\/posts"}],"about":[{"href":"https:\/\/blogs.fu-berlin.de\/bibliotheken\/wp-json\/wp\/v2\/types\/post"}],"author":[{"embeddable":true,"href":"https:\/\/blogs.fu-berlin.de\/bibliotheken\/wp-json\/wp\/v2\/users\/265"}],"replies":[{"embeddable":true,"href":"https:\/\/blogs.fu-berlin.de\/bibliotheken\/wp-json\/wp\/v2\/comments?post=12360"}],"version-history":[{"count":14,"href":"https:\/\/blogs.fu-berlin.de\/bibliotheken\/wp-json\/wp\/v2\/posts\/12360\/revisions"}],"predecessor-version":[{"id":29583,"href":"https:\/\/blogs.fu-berlin.de\/bibliotheken\/wp-json\/wp\/v2\/posts\/12360\/revisions\/29583"}],"wp:attachment":[{"href":"https:\/\/blogs.fu-berlin.de\/bibliotheken\/wp-json\/wp\/v2\/media?parent=12360"}],"wp:term":[{"taxonomy":"category","embeddable":true,"href":"https:\/\/blogs.fu-berlin.de\/bibliotheken\/wp-json\/wp\/v2\/categories?post=12360"},{"taxonomy":"post_tag","embeddable":true,"href":"https:\/\/blogs.fu-berlin.de\/bibliotheken\/wp-json\/wp\/v2\/tags?post=12360"}],"curies":[{"name":"wp","href":"https:\/\/api.w.org\/{rel}","templated":true}]}}