{"id":12379,"date":"2012-08-13T08:53:58","date_gmt":"2012-08-13T07:53:58","guid":{"rendered":"https:\/\/blogs.fu-berlin.de\/bibliotheken\/?p=12379"},"modified":"2012-08-13T08:54:50","modified_gmt":"2012-08-13T07:54:50","slug":"bereichsbibliothek-erziehungswissenschaft-fachdidaktik-und-psychologie-zieht-um","status":"publish","type":"post","link":"https:\/\/blogs.fu-berlin.de\/bibliotheken\/2012\/08\/13\/bereichsbibliothek-erziehungswissenschaft-fachdidaktik-und-psychologie-zieht-um\/","title":{"rendered":"Bereichsbibliothek Erziehungswissenschaft, Fachdidaktik und Psychologie zieht um"},"content":{"rendered":"<p>Nach fast 30-j\u00e4hrigem Bestehen ist eine Sanierung der Bereichsbibliothek Erziehungswissenschaft, Fachdidaktik und Psychologie unumg\u00e4nglich geworden: Die Fu\u00dfbodenheizung muss instandgesetzt, der Estrich und die Bodenbel\u00e4ge erneuert, die Oberlichtverglasung energetisch verbessert, und ein Sonnenschutz f\u00fcr das Glasdach eingebaut werden. Hierf\u00fcr m\u00fcssen 400.000 B\u00e4nde vor\u00fcbergehend ein neues Zuhause finden. Der Benutzerbereich zieht in die Van&#8217;t-Hoff-Stra\u00dfe 6, in die Etagen \u00fcber der Vegetarischen Mensa.  <\/p>\n<p>Die Erziehungswissenschaftliche Bibliothek schlie\u00dft vom 13. bis 19. August ihren bisherigen Standort und zieht f\u00fcr die Dauer der Sanierung in die Van&#8217;t-Hoff-Stra\u00dfe 6. Am 20. August startet der Betrieb am neuen Standort.<\/p>\n<p>Mehr Informationen finden Sie im Artikel von <a href=\"https:\/\/www.fu-berlin.de\/campusleben\/campus\/2012\/120810_Umzug_EWI\/index.html\" target=\"_blank\">Marina Kosmalla mit dem Titel &#8222;Neun Kilometer B\u00fccher in Bewegung&#8220; in campus.leben vom 10.08.2012<\/a>.<\/p>\n","protected":false},"excerpt":{"rendered":"<p>Nach fast 30-j\u00e4hrigem Bestehen ist eine Sanierung der Bereichsbibliothek Erziehungswissenschaft, Fachdidaktik und Psychologie unumg\u00e4nglich geworden: Die Fu\u00dfbodenheizung muss instandgesetzt, der Estrich und die Bodenbel\u00e4ge erneuert, die Oberlichtverglasung energetisch verbessert, und ein Sonnenschutz f\u00fcr das Glasdach eingebaut werden. Hierf\u00fcr m\u00fcssen 400.000 B\u00e4nde vor\u00fcbergehend ein neues Zuhause finden. Der Benutzerbereich zieht in die Van&#8217;t-Hoff-Stra\u00dfe 6, in die &hellip; <a href=\"https:\/\/blogs.fu-berlin.de\/bibliotheken\/2012\/08\/13\/bereichsbibliothek-erziehungswissenschaft-fachdidaktik-und-psychologie-zieht-um\/\" class=\"more-link\"><span class=\"screen-reader-text\">\u201eBereichsbibliothek Erziehungswissenschaft, Fachdidaktik und Psychologie zieht um\u201c<\/span> weiterlesen<\/a><\/p>\n","protected":false},"author":265,"featured_media":0,"comment_status":"open","ping_status":"open","sticky":false,"template":"","format":"standard","meta":{"footnotes":""},"categories":[600],"tags":[886,778],"class_list":["post-12379","post","type-post","status-publish","format-standard","hentry","category-fachbibliotheken","tag-bereichsbibliothek-erziehungswissenschaft-fachdidaktik-und-psychologie","tag-umzug"],"_links":{"self":[{"href":"https:\/\/blogs.fu-berlin.de\/bibliotheken\/wp-json\/wp\/v2\/posts\/12379","targetHints":{"allow":["GET"]}}],"collection":[{"href":"https:\/\/blogs.fu-berlin.de\/bibliotheken\/wp-json\/wp\/v2\/posts"}],"about":[{"href":"https:\/\/blogs.fu-berlin.de\/bibliotheken\/wp-json\/wp\/v2\/types\/post"}],"author":[{"embeddable":true,"href":"https:\/\/blogs.fu-berlin.de\/bibliotheken\/wp-json\/wp\/v2\/users\/265"}],"replies":[{"embeddable":true,"href":"https:\/\/blogs.fu-berlin.de\/bibliotheken\/wp-json\/wp\/v2\/comments?post=12379"}],"version-history":[{"count":3,"href":"https:\/\/blogs.fu-berlin.de\/bibliotheken\/wp-json\/wp\/v2\/posts\/12379\/revisions"}],"predecessor-version":[{"id":12382,"href":"https:\/\/blogs.fu-berlin.de\/bibliotheken\/wp-json\/wp\/v2\/posts\/12379\/revisions\/12382"}],"wp:attachment":[{"href":"https:\/\/blogs.fu-berlin.de\/bibliotheken\/wp-json\/wp\/v2\/media?parent=12379"}],"wp:term":[{"taxonomy":"category","embeddable":true,"href":"https:\/\/blogs.fu-berlin.de\/bibliotheken\/wp-json\/wp\/v2\/categories?post=12379"},{"taxonomy":"post_tag","embeddable":true,"href":"https:\/\/blogs.fu-berlin.de\/bibliotheken\/wp-json\/wp\/v2\/tags?post=12379"}],"curies":[{"name":"wp","href":"https:\/\/api.w.org\/{rel}","templated":true}]}}