{"id":124,"date":"2009-03-03T16:13:03","date_gmt":"2009-03-03T15:13:03","guid":{"rendered":"https:\/\/blogs.fu-berlin.de\/bibliotheken\/?p=124"},"modified":"2009-03-16T14:22:20","modified_gmt":"2009-03-16T13:22:20","slug":"ein-neuer-blick-auf-bibliotheken-98-bibliothekartag-in-erfurt","status":"publish","type":"post","link":"https:\/\/blogs.fu-berlin.de\/bibliotheken\/2009\/03\/03\/ein-neuer-blick-auf-bibliotheken-98-bibliothekartag-in-erfurt\/","title":{"rendered":"Ein neuer Blick auf Bibliotheken"},"content":{"rendered":"<p>Der <strong>98. Bibliothekartag 2009 findet vom 2. &#8211; 5. Juni in Erfurt<\/strong> statt. Obiges Motto wird auf der <a href=\"https:\/\/www.bibliothekartag2009.de\/?node=1\">Webseite<\/a> entsprechend pr\u00e4zisiert:<\/p>\n<blockquote><p>&#8222;Die Rolle der Bibliotheken in der Informationsgesellschaft, ihre Aufgaben im Zuge eines sich wandelnden Bildungsbegriffs, die Herausforderungen der Digitalisierung und der elektronischen Medien werden uns auch hier wieder besch\u00e4ftigen. [&#8230;] Erfurt als ein fr\u00fches Zentrum des Buchdrucks, als eine Hochburg von Humanismus und Reformation und als moderne, zukunftsorientierte Landeshauptstadt bietet hierf\u00fcr ein ideales, zwischen Tradition und Moderne, Bewahrung und Ver\u00e4nderung oszillierendes Umfeld, in dem Ideen entstehen und reifen k\u00f6nnen.&#8220;  \u2757<\/p><\/blockquote>\n<p>Im Programm vielleicht f\u00fcr die\/den Eine\/n oder Andere\/n ganz interessant: <a href=\"https:\/\/www.bibliothekartag2009.de\/programme\/topicresult.asp?topicID=14&amp;node=24&amp;sessionID=\">Elektronische Dienstleistungen in der Diskussion<\/a>.<\/p>\n","protected":false},"excerpt":{"rendered":"<p>Der 98. Bibliothekartag 2009 findet vom 2. &#8211; 5. Juni in Erfurt statt. Obiges Motto wird auf der Webseite entsprechend pr\u00e4zisiert: &#8222;Die Rolle der Bibliotheken in der Informationsgesellschaft, ihre Aufgaben im Zuge eines sich wandelnden Bildungsbegriffs, die Herausforderungen der Digitalisierung und der elektronischen Medien werden uns auch hier wieder besch\u00e4ftigen. [&#8230;] Erfurt als ein fr\u00fches &hellip; <a href=\"https:\/\/blogs.fu-berlin.de\/bibliotheken\/2009\/03\/03\/ein-neuer-blick-auf-bibliotheken-98-bibliothekartag-in-erfurt\/\" class=\"more-link\"><span class=\"screen-reader-text\">\u201eEin neuer Blick auf Bibliotheken\u201c<\/span> weiterlesen<\/a><\/p>\n","protected":false},"author":265,"featured_media":0,"comment_status":"open","ping_status":"open","sticky":false,"template":"","format":"standard","meta":{"footnotes":""},"categories":[70],"tags":[511,447,510,512],"class_list":["post-124","post","type-post","status-publish","format-standard","hentry","category-veranstaltungen","tag-511","tag-bibliotheken","tag-deutscher-bibliothekartag","tag-erfurt"],"_links":{"self":[{"href":"https:\/\/blogs.fu-berlin.de\/bibliotheken\/wp-json\/wp\/v2\/posts\/124","targetHints":{"allow":["GET"]}}],"collection":[{"href":"https:\/\/blogs.fu-berlin.de\/bibliotheken\/wp-json\/wp\/v2\/posts"}],"about":[{"href":"https:\/\/blogs.fu-berlin.de\/bibliotheken\/wp-json\/wp\/v2\/types\/post"}],"author":[{"embeddable":true,"href":"https:\/\/blogs.fu-berlin.de\/bibliotheken\/wp-json\/wp\/v2\/users\/265"}],"replies":[{"embeddable":true,"href":"https:\/\/blogs.fu-berlin.de\/bibliotheken\/wp-json\/wp\/v2\/comments?post=124"}],"version-history":[{"count":13,"href":"https:\/\/blogs.fu-berlin.de\/bibliotheken\/wp-json\/wp\/v2\/posts\/124\/revisions"}],"predecessor-version":[{"id":242,"href":"https:\/\/blogs.fu-berlin.de\/bibliotheken\/wp-json\/wp\/v2\/posts\/124\/revisions\/242"}],"wp:attachment":[{"href":"https:\/\/blogs.fu-berlin.de\/bibliotheken\/wp-json\/wp\/v2\/media?parent=124"}],"wp:term":[{"taxonomy":"category","embeddable":true,"href":"https:\/\/blogs.fu-berlin.de\/bibliotheken\/wp-json\/wp\/v2\/categories?post=124"},{"taxonomy":"post_tag","embeddable":true,"href":"https:\/\/blogs.fu-berlin.de\/bibliotheken\/wp-json\/wp\/v2\/tags?post=124"}],"curies":[{"name":"wp","href":"https:\/\/api.w.org\/{rel}","templated":true}]}}