{"id":12405,"date":"2012-08-17T10:01:14","date_gmt":"2012-08-17T09:01:14","guid":{"rendered":"https:\/\/blogs.fu-berlin.de\/bibliotheken\/?p=12405"},"modified":"2012-08-17T10:01:14","modified_gmt":"2012-08-17T09:01:14","slug":"longlist-fur-den-deutschen-buchpreis-2012-veroffentlicht","status":"publish","type":"post","link":"https:\/\/blogs.fu-berlin.de\/bibliotheken\/2012\/08\/17\/longlist-fur-den-deutschen-buchpreis-2012-veroffentlicht\/","title":{"rendered":"Longlist f\u00fcr den Deutschen Buchpreis 2012 ver\u00f6ffentlicht"},"content":{"rendered":"<p><a href=\"https:\/\/blogs.fu-berlin.de\/bibliotheken\/files\/2012\/08\/buchpreis2012.gif\"><img loading=\"lazy\" decoding=\"async\" class=\"alignright size-full wp-image-12410\" src=\"https:\/\/blogs.fu-berlin.de\/bibliotheken\/files\/2012\/08\/buchpreis2012.gif\" alt=\"\" width=\"145\" height=\"114\" align=\"right\" \/><\/a>Der B\u00f6rsenverein des deutschen Buchhandels hat diese Woche die 20 nominierten Romane f\u00fcr den Deutschen Buchpreis <a href=\"https:\/\/www.deutscher-buchpreis.de\/de\/545259\/\">bekanntgegeben<\/a>. Erst seit 2005 verliehen, gilt die mit insgesamt 37.500 Euro dotierte Auszeichnung als deutsche Antwort auf den franz\u00f6sischen Prix Goncourt oder den britischen Booker Prize.<\/p>\n<p>In diesem Jahr treffen die Werke von 17 Deutschen und drei geb\u00fcrtigen \u00d6sterreichern aufeinander. Unter den Nominierten sind u. a. der diesj\u00e4hrige\u00a0 <a href=\"https:\/\/blogs.fu-berlin.de\/bibliotheken\/2009\/11\/25\/sibylle-lewitscharoff-bekommt-berliner-literaturpreis-2010\/\">Heiner-M\u00fcller-Gastprofessor<\/a> Rainald Goetz, der bereits auf der Leipziger Buchmesse preisgekr\u00f6nte Wolfgang Herrndorf, die bekannte Dramatikerin Dea Loher sowie die fr\u00fchere wissenschaftliche Mitarbeiterin an der FU Angelika Meier und der fr\u00fchere Student Stephan Thome zu finden.<\/p>\n<p><img decoding=\"async\" src=\"https:\/\/blogs.fu-berlin.de\/bibliotheken\/wp-includes\/js\/tinymce\/plugins\/wordpress\/img\/trans.gif\" alt=\"\" \/>Die 20 Nominierten im \u00dcberblick (verlinkte Titel sind in der <a href=\"https:\/\/www.ub.fu-berlin.de\/fbb\/phil-geist\/philobib.html\">Philologischen Bibliothek<\/a> verf\u00fcgbar):<\/p>\n<ul>\n<li>Ernst Augustin: <a href=\"https:\/\/aleph-www.ub.fu-berlin.de\/F\/?func=find-e&amp;request=robinsons+blaues+haus&amp;find_scan_code=FIND_WRD&amp;adjacent=N\"><em>Robinsons blaues Haus<\/em><\/a> (Beck, Januar 2012)<\/li>\n<\/ul>\n<ul>\n<li>Bernd Cailloux: <a href=\"https:\/\/aleph-www.ub.fu-berlin.de\/F\/?func=find-e&amp;request=gutgeschriebene+verluste&amp;find_scan_code=FIND_WRD&amp;adjacent=N\"><em>Gutgeschriebene Verluste<\/em><\/a> (Suhrkamp, Februar 2012)<\/li>\n<\/ul>\n<ul>\n<li>Jenny Erpenbeck: <em>Aller Tage Abend<\/em> (Knaus, August 2012)<\/li>\n<\/ul>\n<ul>\n<li>Milena Michiko Fla\u0161ar: <em>Ich nannte ihn Krawatte<\/em> (Wagenbach, Januar 2012)<\/li>\n<\/ul>\n<ul>\n<li>Rainald Goetz: <em>Johann Holtrop<\/em> (Suhrkamp, September 2012) &#8211; <a href=\"https:\/\/aleph-www.ub.fu-berlin.de\/F\/?func=find-e&amp;request=johann+holtrop+goetz&amp;find_scan_code=FIND_WRD&amp;adjacent=N\">in Erwerbung<\/a><\/li>\n<\/ul>\n<ul>\n<li>Olga Grjasnowa: <a href=\"https:\/\/aleph-www.ub.fu-berlin.de\/F\/?func=find-e&amp;request=russe+birken+liebt&amp;find_scan_code=FIND_WRD&amp;adjacent=N\"><em>Der Russe ist einer, der Birken liebt<\/em><\/a> (Hanser, Februar 2012)<\/li>\n<\/ul>\n<ul>\n<li>Wolfgang Herrndorf: <a href=\"https:\/\/aleph-www.ub.fu-berlin.de\/F\/?func=find-e&amp;request=herrndorf+sand&amp;find_scan_code=FIND_WRD&amp;adjacent=N\"><em>Sand<\/em><\/a> (Rowohlt Berlin, November 2011)<\/li>\n<\/ul>\n<ul>\n<li>Bodo Kirchhoff: <em>Die Liebe in groben Z\u00fcgen<\/em> (Frankfurter Verlagsanstalt, September 2012)<\/li>\n<\/ul>\n<ul>\n<li>Germ\u00e1n Kratochwil: <a href=\"https:\/\/aleph-www.ub.fu-berlin.de\/F\/?func=find-e&amp;request=scherbengericht+kratochwil&amp;find_scan_code=FIND_WRD&amp;adjacent=N\"><em>Scherbengericht<\/em><\/a> (Picus, Februar 2012)<\/li>\n<\/ul>\n<ul>\n<li>Ursula Krechel: <em>Landgericht<\/em> (Jung und Jung, August 2012)<\/li>\n<\/ul>\n<ul>\n<li>Dea Loher: <a href=\"https:\/\/aleph-www.ub.fu-berlin.de\/F\/?func=find-e&amp;request=loher+bugatti&amp;find_scan_code=FIND_WRD&amp;adjacent=N\"><em>Bugatti taucht auf<\/em><\/a> (Wallstein, M\u00e4rz 2012)<\/li>\n<\/ul>\n<ul>\n<li>Angelika Meier: <a href=\"https:\/\/aleph-www.ub.fu-berlin.de\/F\/?func=find-e&amp;request=heimlich+mich+vergiss&amp;find_scan_code=FIND_WRD&amp;adjacent=N\"><em>Heimlich, heimlich mich vergiss<\/em><\/a> (Diaphanes, M\u00e4rz 2012)<\/li>\n<\/ul>\n<ul>\n<li>Sten Nadolny: <a href=\"https:\/\/aleph-www.ub.fu-berlin.de\/F\/?func=find-e&amp;request=weitlings+sommerfrische&amp;find_scan_code=FIND_WRD&amp;adjacent=N\"><em>Weitlings Sommerfrische<\/em><\/a> (Piper, Mai 2012)<\/li>\n<\/ul>\n<ul>\n<li>Christoph Peters: <em>Wir in Kahlenbeck<\/em> (Luchterhand, August 2012)<\/li>\n<\/ul>\n<ul>\n<li>Michael Roes: <em>die Laute<\/em> (Matthes &amp; Seitz Berlin, September 2012)<\/li>\n<\/ul>\n<ul>\n<li>Patrick Roth: <a href=\"https:\/\/aleph-www.ub.fu-berlin.de\/F\/?func=find-e&amp;request=patrick+roth+sunrise&amp;find_scan_code=FIND_WRD&amp;adjacent=N\"><em>Sunrise<\/em><\/a> (Wallstein, M\u00e4rz 2012)<\/li>\n<\/ul>\n<ul>\n<li>Frank Schulz: <a href=\"https:\/\/aleph-www.ub.fu-berlin.de\/F\/?func=find-e&amp;request=onno+viets&amp;find_scan_code=FIND_WRD&amp;adjacent=N\"><em>Onno Viets und der Irre vom Kiez<\/em><\/a> (Galiani Berlin, Februar 2012)<\/li>\n<\/ul>\n<ul>\n<li>Clemens J. Setz: <em>Indigo<\/em> (Suhrkamp, September 2012)<\/li>\n<\/ul>\n<ul>\n<li>Stephan Thome: <em>Fliehkr\u00e4fte<\/em> (Suhrkamp, September 2012)<\/li>\n<\/ul>\n<ul>\n<li>Ulf Erdmann Ziegler: <em>Nichts Wei\u00dfes<\/em> (Suhrkamp, August 2012)<\/li>\n<\/ul>\n<p>Die Longlist wird am 12. September 2012 von der Jury um die Literaturkritiker bzw. -redakteure Andreas Isenschmid (<em>NZZ am Sonntag<\/em>), Dirk Knipphals (<em>taz<\/em>) und Stephan Lohr (<em>NDR Kultur<\/em>) auf sechs finale Romane reduziert, die sogenannte \u201eShortlist\u201c. Die Preisverleihung findet zum Auftakt der Frankfurter Buchmesse am 8. Oktober 2012 statt.<\/p>\n","protected":false},"excerpt":{"rendered":"<p>Der B\u00f6rsenverein des deutschen Buchhandels hat diese Woche die 20 nominierten Romane f\u00fcr den Deutschen Buchpreis bekanntgegeben. Erst seit 2005 verliehen, gilt die mit insgesamt 37.500 Euro dotierte Auszeichnung als deutsche Antwort auf den franz\u00f6sischen Prix Goncourt oder den britischen Booker Prize. In diesem Jahr treffen die Werke von 17 Deutschen und drei geb\u00fcrtigen \u00d6sterreichern &hellip; <a href=\"https:\/\/blogs.fu-berlin.de\/bibliotheken\/2012\/08\/17\/longlist-fur-den-deutschen-buchpreis-2012-veroffentlicht\/\" class=\"more-link\"><span class=\"screen-reader-text\">\u201eLonglist f\u00fcr den Deutschen Buchpreis 2012 ver\u00f6ffentlicht\u201c<\/span> weiterlesen<\/a><\/p>\n","protected":false},"author":293,"featured_media":0,"comment_status":"open","ping_status":"open","sticky":false,"template":"","format":"standard","meta":{"footnotes":""},"categories":[9],"tags":[8765,8764],"class_list":["post-12405","post","type-post","status-publish","format-standard","hentry","category-allgemein","tag-deutscher-buchpreis-2012","tag-longlist-2012"],"_links":{"self":[{"href":"https:\/\/blogs.fu-berlin.de\/bibliotheken\/wp-json\/wp\/v2\/posts\/12405","targetHints":{"allow":["GET"]}}],"collection":[{"href":"https:\/\/blogs.fu-berlin.de\/bibliotheken\/wp-json\/wp\/v2\/posts"}],"about":[{"href":"https:\/\/blogs.fu-berlin.de\/bibliotheken\/wp-json\/wp\/v2\/types\/post"}],"author":[{"embeddable":true,"href":"https:\/\/blogs.fu-berlin.de\/bibliotheken\/wp-json\/wp\/v2\/users\/293"}],"replies":[{"embeddable":true,"href":"https:\/\/blogs.fu-berlin.de\/bibliotheken\/wp-json\/wp\/v2\/comments?post=12405"}],"version-history":[{"count":8,"href":"https:\/\/blogs.fu-berlin.de\/bibliotheken\/wp-json\/wp\/v2\/posts\/12405\/revisions"}],"predecessor-version":[{"id":12639,"href":"https:\/\/blogs.fu-berlin.de\/bibliotheken\/wp-json\/wp\/v2\/posts\/12405\/revisions\/12639"}],"wp:attachment":[{"href":"https:\/\/blogs.fu-berlin.de\/bibliotheken\/wp-json\/wp\/v2\/media?parent=12405"}],"wp:term":[{"taxonomy":"category","embeddable":true,"href":"https:\/\/blogs.fu-berlin.de\/bibliotheken\/wp-json\/wp\/v2\/categories?post=12405"},{"taxonomy":"post_tag","embeddable":true,"href":"https:\/\/blogs.fu-berlin.de\/bibliotheken\/wp-json\/wp\/v2\/tags?post=12405"}],"curies":[{"name":"wp","href":"https:\/\/api.w.org\/{rel}","templated":true}]}}