{"id":12446,"date":"2012-08-23T13:21:18","date_gmt":"2012-08-23T12:21:18","guid":{"rendered":"https:\/\/blogs.fu-berlin.de\/bibliotheken\/?p=12446"},"modified":"2012-08-23T13:23:38","modified_gmt":"2012-08-23T12:23:38","slug":"%e2%80%9ekleines-rebellarium-am-6-september-2012-im-uni-archiv","status":"publish","type":"post","link":"https:\/\/blogs.fu-berlin.de\/bibliotheken\/2012\/08\/23\/%e2%80%9ekleines-rebellarium-am-6-september-2012-im-uni-archiv\/","title":{"rendered":"\u201eKleines Rebellarium\u201c am 6. September 2012 im Uni-Archiv"},"content":{"rendered":"<p>Das <a href=\"https:\/\/www.fu-berlin.de\/sites\/uniarchiv\/\">Universit\u00e4tsarchiv der FU Berlin<\/a> l\u00e4dt am Donnerstag, dem <strong>6. September 2012<\/strong>, in der Zeit von <strong>18 bis 20 Uhr<\/strong> unter dem Motto \u201eKleines Rebellarium\u201c zu einer Lesung aus historischen Dokumenten des <a href=\"https:\/\/www.fu-berlin.de\/sites\/uniarchiv\/bestaende\/abteilung5\">APO-Archivs<\/a> ein. Im Rahmen der Berliner <a href=\"https:\/\/www.sprachwoche-berlin.de\/\">Woche der Sprache und des Lesens<\/a> wird der Schriftsteller und Journalist Detlef Berentzen sowie Zeitzeugen aus Dokumenten der Studentenbewegung lesen.<\/p>\n<p>Veranstaltungsort ist der neue Lesesaal des Universit\u00e4tsarchivs auf dem Geo-Campus der Freien Universit\u00e4t, Malteserstra\u00dfe 74-100 im Haus L (Erdgescho\u00df), 12249 Berlin-Lankwitz. Der Eintritt ist kostenfrei.<\/p>\n<h6>Danke f\u00fcr den Hinweis an Dr. Birgit Rehse, Leiterin des Universit\u00e4tsarchivs.<\/h6>\n","protected":false},"excerpt":{"rendered":"<p>Das Universit\u00e4tsarchiv der FU Berlin l\u00e4dt am Donnerstag, dem 6. September 2012, in der Zeit von 18 bis 20 Uhr unter dem Motto \u201eKleines Rebellarium\u201c zu einer Lesung aus historischen Dokumenten des APO-Archivs ein. Im Rahmen der Berliner Woche der Sprache und des Lesens wird der Schriftsteller und Journalist Detlef Berentzen sowie Zeitzeugen aus Dokumenten &hellip; <a href=\"https:\/\/blogs.fu-berlin.de\/bibliotheken\/2012\/08\/23\/%e2%80%9ekleines-rebellarium-am-6-september-2012-im-uni-archiv\/\" class=\"more-link\"><span class=\"screen-reader-text\">\u201e\u201eKleines Rebellarium\u201c am 6. September 2012 im Uni-Archiv\u201c<\/span> weiterlesen<\/a><\/p>\n","protected":false},"author":293,"featured_media":0,"comment_status":"open","ping_status":"open","sticky":false,"template":"","format":"standard","meta":{"footnotes":""},"categories":[9,70],"tags":[8772,8774,832,8773,2081],"class_list":["post-12446","post","type-post","status-publish","format-standard","hentry","category-allgemein","category-veranstaltungen","tag-apo-archiv","tag-detlef-berentzen","tag-lesung","tag-studentenbewegung","tag-universitatsarchiv"],"_links":{"self":[{"href":"https:\/\/blogs.fu-berlin.de\/bibliotheken\/wp-json\/wp\/v2\/posts\/12446","targetHints":{"allow":["GET"]}}],"collection":[{"href":"https:\/\/blogs.fu-berlin.de\/bibliotheken\/wp-json\/wp\/v2\/posts"}],"about":[{"href":"https:\/\/blogs.fu-berlin.de\/bibliotheken\/wp-json\/wp\/v2\/types\/post"}],"author":[{"embeddable":true,"href":"https:\/\/blogs.fu-berlin.de\/bibliotheken\/wp-json\/wp\/v2\/users\/293"}],"replies":[{"embeddable":true,"href":"https:\/\/blogs.fu-berlin.de\/bibliotheken\/wp-json\/wp\/v2\/comments?post=12446"}],"version-history":[{"count":5,"href":"https:\/\/blogs.fu-berlin.de\/bibliotheken\/wp-json\/wp\/v2\/posts\/12446\/revisions"}],"predecessor-version":[{"id":12451,"href":"https:\/\/blogs.fu-berlin.de\/bibliotheken\/wp-json\/wp\/v2\/posts\/12446\/revisions\/12451"}],"wp:attachment":[{"href":"https:\/\/blogs.fu-berlin.de\/bibliotheken\/wp-json\/wp\/v2\/media?parent=12446"}],"wp:term":[{"taxonomy":"category","embeddable":true,"href":"https:\/\/blogs.fu-berlin.de\/bibliotheken\/wp-json\/wp\/v2\/categories?post=12446"},{"taxonomy":"post_tag","embeddable":true,"href":"https:\/\/blogs.fu-berlin.de\/bibliotheken\/wp-json\/wp\/v2\/tags?post=12446"}],"curies":[{"name":"wp","href":"https:\/\/api.w.org\/{rel}","templated":true}]}}