{"id":12474,"date":"2012-08-28T10:41:10","date_gmt":"2012-08-28T09:41:10","guid":{"rendered":"https:\/\/blogs.fu-berlin.de\/bibliotheken\/?p=12474"},"modified":"2012-08-28T10:42:27","modified_gmt":"2012-08-28T09:42:27","slug":"gedenken-an-die-zerstorte-nationalbibliothek-in-sarajevo","status":"publish","type":"post","link":"https:\/\/blogs.fu-berlin.de\/bibliotheken\/2012\/08\/28\/gedenken-an-die-zerstorte-nationalbibliothek-in-sarajevo\/","title":{"rendered":"Gedenken an zerst\u00f6rte Nationalbibliothek in Sarajevo"},"content":{"rendered":"<p><a href=\"https:\/\/www.flickr.com\/photos\/jenniferboyer\/6086320113\/\"><img loading=\"lazy\" decoding=\"async\" class=\"alignright size-full wp-image-12475\" src=\"https:\/\/blogs.fu-berlin.de\/bibliotheken\/files\/2012\/08\/national-library-sarajevo.jpg\" alt=\"\" width=\"95\" height=\"143\" align=\"right\" \/><\/a>Die <a href=\"https:\/\/www.dw.de\/dw\/article\/0,,16192268,00.html?maca=de-rss-de-all-1119-rdf\">Deutsche Welle<\/a> (via <a href=\"https:\/\/log.netbib.de\/archives\/2012\/08\/27\/gedenken-an-die-kulturbarberei-in-sarajevo\/\">netbib weblog<\/a>) hat letztes Wochenende mit einem Artikel an die Zerst\u00f6rung der Nationalbibliothek in Sarajevo vor 20 Jahren erinnert. Bosnische Serben schossen zu Beginn des Bosnienkriegs (1992-1995) das unter dem Namen Vijecnica (dt.: \u201edas Rathaus\u201c) bekannte Geb\u00e4ude in Brand, wodurch zahllose Dokumente zur Geschichte des Landes unwiederbringlich zerst\u00f6rt wurden. Bis heute, 17 Jahre nach Ende des Krieges, ist das Geb\u00e4ude in der Innenstadt noch nicht vollst\u00e4ndig wiederaufgebaut.<\/p>\n<h6>Bild: <a href=\"https:\/\/www.flickr.com\/photos\/jenniferboyer\/6086320113\/\">Anosmia\/Jennifer Boyer<\/a> (CC BY 2.0)<\/h6>\n","protected":false},"excerpt":{"rendered":"<p>Die Deutsche Welle (via netbib weblog) hat letztes Wochenende mit einem Artikel an die Zerst\u00f6rung der Nationalbibliothek in Sarajevo vor 20 Jahren erinnert. Bosnische Serben schossen zu Beginn des Bosnienkriegs (1992-1995) das unter dem Namen Vijecnica (dt.: \u201edas Rathaus\u201c) bekannte Geb\u00e4ude in Brand, wodurch zahllose Dokumente zur Geschichte des Landes unwiederbringlich zerst\u00f6rt wurden. Bis heute, &hellip; <a href=\"https:\/\/blogs.fu-berlin.de\/bibliotheken\/2012\/08\/28\/gedenken-an-die-zerstorte-nationalbibliothek-in-sarajevo\/\" class=\"more-link\"><span class=\"screen-reader-text\">\u201eGedenken an zerst\u00f6rte Nationalbibliothek in Sarajevo\u201c<\/span> weiterlesen<\/a><\/p>\n","protected":false},"author":293,"featured_media":0,"comment_status":"open","ping_status":"open","sticky":false,"template":"","format":"standard","meta":{"footnotes":""},"categories":[599,604],"tags":[8783,8780,8781,8782],"class_list":["post-12474","post","type-post","status-publish","format-standard","hentry","category-bibliothekswesen","category-ins-netz-geschaut","tag-bosnienkrieg","tag-bosnische-nationalbibliothek","tag-sarajevo","tag-zerstorung"],"_links":{"self":[{"href":"https:\/\/blogs.fu-berlin.de\/bibliotheken\/wp-json\/wp\/v2\/posts\/12474","targetHints":{"allow":["GET"]}}],"collection":[{"href":"https:\/\/blogs.fu-berlin.de\/bibliotheken\/wp-json\/wp\/v2\/posts"}],"about":[{"href":"https:\/\/blogs.fu-berlin.de\/bibliotheken\/wp-json\/wp\/v2\/types\/post"}],"author":[{"embeddable":true,"href":"https:\/\/blogs.fu-berlin.de\/bibliotheken\/wp-json\/wp\/v2\/users\/293"}],"replies":[{"embeddable":true,"href":"https:\/\/blogs.fu-berlin.de\/bibliotheken\/wp-json\/wp\/v2\/comments?post=12474"}],"version-history":[{"count":5,"href":"https:\/\/blogs.fu-berlin.de\/bibliotheken\/wp-json\/wp\/v2\/posts\/12474\/revisions"}],"predecessor-version":[{"id":12480,"href":"https:\/\/blogs.fu-berlin.de\/bibliotheken\/wp-json\/wp\/v2\/posts\/12474\/revisions\/12480"}],"wp:attachment":[{"href":"https:\/\/blogs.fu-berlin.de\/bibliotheken\/wp-json\/wp\/v2\/media?parent=12474"}],"wp:term":[{"taxonomy":"category","embeddable":true,"href":"https:\/\/blogs.fu-berlin.de\/bibliotheken\/wp-json\/wp\/v2\/categories?post=12474"},{"taxonomy":"post_tag","embeddable":true,"href":"https:\/\/blogs.fu-berlin.de\/bibliotheken\/wp-json\/wp\/v2\/tags?post=12474"}],"curies":[{"name":"wp","href":"https:\/\/api.w.org\/{rel}","templated":true}]}}