{"id":12492,"date":"2012-08-30T12:19:51","date_gmt":"2012-08-30T11:19:51","guid":{"rendered":"https:\/\/blogs.fu-berlin.de\/bibliotheken\/?p=12492"},"modified":"2012-08-30T12:36:16","modified_gmt":"2012-08-30T11:36:16","slug":"grundstein-fur-bibliotheksneubau-gelegt","status":"publish","type":"post","link":"https:\/\/blogs.fu-berlin.de\/bibliotheken\/2012\/08\/30\/grundstein-fur-bibliotheksneubau-gelegt\/","title":{"rendered":"Grundstein f\u00fcr Bibliotheksneubau gelegt"},"content":{"rendered":"<p>Gestern wurde im Beisein von Universit\u00e4tspr\u00e4sident Dr. Peter-Andr\u00e9 Alt bei sch\u00f6nstem Sp\u00e4tsommerwetter der Grundstein f\u00fcr den Neubau f\u00fcr die Kleinen F\u00e4cher und die naturwissenschaftlichen Bibliotheken in der Dahlemer Fabeckstra\u00dfe gelegt.<\/p>\n<p>Das Geb\u00e4ude, das direkt an die sogenannte Silberlaube und die Erziehungswissenschaftliche Bibliothek angrenzen wird, soll bis Ende 2014 fertiggestellt sein. Es wird insgesamt <a href=\"https:\/\/www.ub.fu-berlin.de\/projekt24in1\/info\/\" target=\"_blank\">24 Bibliotheken<\/a> ein gemeinsames Dach bieten. Die neue Bibliothek wird Platz f\u00fcr ca. eine Million B\u00e4nde in Freihandaufstellung haben und es werden ca. 950 moderne Arbeitspl\u00e4tze entstehen.<\/p>\n<p>Weitere Informationen enth\u00e4lt der Artikel von <a href=\"https:\/\/www.fu-berlin.de\/campusleben\/campus\/2012\/120829_neubau_kleine_faecher\/index.html\" target=\"_blank\">Marina Kosmalla: Lichte B\u00fcros und ein Zierkirschbaumgarten vor der T\u00fcr In: CampusLeben vom 29.08.2012<\/a>.<\/p>\n","protected":false},"excerpt":{"rendered":"<p>Gestern wurde im Beisein von Universit\u00e4tspr\u00e4sident Dr. Peter-Andr\u00e9 Alt bei sch\u00f6nstem Sp\u00e4tsommerwetter der Grundstein f\u00fcr den Neubau f\u00fcr die Kleinen F\u00e4cher und die naturwissenschaftlichen Bibliotheken in der Dahlemer Fabeckstra\u00dfe gelegt. Das Geb\u00e4ude, das direkt an die sogenannte Silberlaube und die Erziehungswissenschaftliche Bibliothek angrenzen wird, soll bis Ende 2014 fertiggestellt sein. Es wird insgesamt 24 Bibliotheken &hellip; <a href=\"https:\/\/blogs.fu-berlin.de\/bibliotheken\/2012\/08\/30\/grundstein-fur-bibliotheksneubau-gelegt\/\" class=\"more-link\"><span class=\"screen-reader-text\">\u201eGrundstein f\u00fcr Bibliotheksneubau gelegt\u201c<\/span> weiterlesen<\/a><\/p>\n","protected":false},"author":265,"featured_media":0,"comment_status":"open","ping_status":"open","sticky":false,"template":"","format":"standard","meta":{"footnotes":""},"categories":[600],"tags":[1681,8787],"class_list":["post-12492","post","type-post","status-publish","format-standard","hentry","category-fachbibliotheken","tag-bibliotheksneubauten","tag-kleine-facher"],"_links":{"self":[{"href":"https:\/\/blogs.fu-berlin.de\/bibliotheken\/wp-json\/wp\/v2\/posts\/12492","targetHints":{"allow":["GET"]}}],"collection":[{"href":"https:\/\/blogs.fu-berlin.de\/bibliotheken\/wp-json\/wp\/v2\/posts"}],"about":[{"href":"https:\/\/blogs.fu-berlin.de\/bibliotheken\/wp-json\/wp\/v2\/types\/post"}],"author":[{"embeddable":true,"href":"https:\/\/blogs.fu-berlin.de\/bibliotheken\/wp-json\/wp\/v2\/users\/265"}],"replies":[{"embeddable":true,"href":"https:\/\/blogs.fu-berlin.de\/bibliotheken\/wp-json\/wp\/v2\/comments?post=12492"}],"version-history":[{"count":6,"href":"https:\/\/blogs.fu-berlin.de\/bibliotheken\/wp-json\/wp\/v2\/posts\/12492\/revisions"}],"predecessor-version":[{"id":12501,"href":"https:\/\/blogs.fu-berlin.de\/bibliotheken\/wp-json\/wp\/v2\/posts\/12492\/revisions\/12501"}],"wp:attachment":[{"href":"https:\/\/blogs.fu-berlin.de\/bibliotheken\/wp-json\/wp\/v2\/media?parent=12492"}],"wp:term":[{"taxonomy":"category","embeddable":true,"href":"https:\/\/blogs.fu-berlin.de\/bibliotheken\/wp-json\/wp\/v2\/categories?post=12492"},{"taxonomy":"post_tag","embeddable":true,"href":"https:\/\/blogs.fu-berlin.de\/bibliotheken\/wp-json\/wp\/v2\/tags?post=12492"}],"curies":[{"name":"wp","href":"https:\/\/api.w.org\/{rel}","templated":true}]}}