{"id":12503,"date":"2012-08-31T10:41:22","date_gmt":"2012-08-31T09:41:22","guid":{"rendered":"https:\/\/blogs.fu-berlin.de\/bibliotheken\/?p=12503"},"modified":"2012-08-31T10:41:22","modified_gmt":"2012-08-31T09:41:22","slug":"archiv-des-schweizer-kurzwellendienstes-online","status":"publish","type":"post","link":"https:\/\/blogs.fu-berlin.de\/bibliotheken\/2012\/08\/31\/archiv-des-schweizer-kurzwellendienstes-online\/","title":{"rendered":"Archiv des Schweizer Kurzwellendienstes online"},"content":{"rendered":"<p>Seit ein paar Tagen kann man kostenfrei auf das <a href=\"https:\/\/vs13.kobv.de\/V?portal=FUBERLIN&amp;institute=FUBERLIN&amp;func=find-db-1-title&amp;mode=titles&amp;azlist=N&amp;scan_utf=&amp;scan_start=kwd&amp;search_type=contains&amp;restricted=all\">Archiv des Schweizer Kurzwellendienstes (KWD)<\/a> zugreifen. Das vom Portal swissinfo.ch bereitgestellte Archiv enth\u00e4lt \u00fcber 16.000 Manuskripte von Sendungen des KWD, die zwischen 1939 und 1945 ausgestrahlt wurden. W\u00e4hrend des Zweiten Weltkriegs galt das Kurzwellenradio als ideales Mittel f\u00fcr die Schweiz, um mit im Ausland lebenden Schweizern zu kommunizieren und ihre Position dem Rest der Welt mitzuteilen.<\/p>\n<p>Die Archivtexte wurden automatisch digitalisiert und k\u00f6nnen daher Fehler enthalten. Erg\u00e4nzend zur Textversion wird jeweils eine Faksimile-Version des Originalmanuskripts als PDF-Download angeboten.<\/p>\n<p>Erg\u00e4nzt werden die Texte durch thematisch entsprechende Verlinkungen auf die Google-Bildersuche und Wikipedia-Artikel. Auch wird ein zeitgen\u00f6ssisches, kurzes Tagebuch eines Schweizers (&#8222;Pauls Tagebuch&#8220;) zum Kriegsbeginn in Frankreich (1939\/40) angeboten.<\/p>\n","protected":false},"excerpt":{"rendered":"<p>Seit ein paar Tagen kann man kostenfrei auf das Archiv des Schweizer Kurzwellendienstes (KWD) zugreifen. Das vom Portal swissinfo.ch bereitgestellte Archiv enth\u00e4lt \u00fcber 16.000 Manuskripte von Sendungen des KWD, die zwischen 1939 und 1945 ausgestrahlt wurden. W\u00e4hrend des Zweiten Weltkriegs galt das Kurzwellenradio als ideales Mittel f\u00fcr die Schweiz, um mit im Ausland lebenden Schweizern &hellip; <a href=\"https:\/\/blogs.fu-berlin.de\/bibliotheken\/2012\/08\/31\/archiv-des-schweizer-kurzwellendienstes-online\/\" class=\"more-link\"><span class=\"screen-reader-text\">\u201eArchiv des Schweizer Kurzwellendienstes online\u201c<\/span> weiterlesen<\/a><\/p>\n","protected":false},"author":293,"featured_media":0,"comment_status":"open","ping_status":"open","sticky":false,"template":"","format":"standard","meta":{"footnotes":""},"categories":[457,584805],"tags":[1548,640,8788,520,1041],"class_list":["post-12503","post","type-post","status-publish","format-standard","hentry","category-digitale-bibliothek","category-was-ist-neu","tag-archiv","tag-lizenzfrei","tag-schweizer-kurzwellendienst","tag-volltexte","tag-zweiter-weltkrieg"],"_links":{"self":[{"href":"https:\/\/blogs.fu-berlin.de\/bibliotheken\/wp-json\/wp\/v2\/posts\/12503","targetHints":{"allow":["GET"]}}],"collection":[{"href":"https:\/\/blogs.fu-berlin.de\/bibliotheken\/wp-json\/wp\/v2\/posts"}],"about":[{"href":"https:\/\/blogs.fu-berlin.de\/bibliotheken\/wp-json\/wp\/v2\/types\/post"}],"author":[{"embeddable":true,"href":"https:\/\/blogs.fu-berlin.de\/bibliotheken\/wp-json\/wp\/v2\/users\/293"}],"replies":[{"embeddable":true,"href":"https:\/\/blogs.fu-berlin.de\/bibliotheken\/wp-json\/wp\/v2\/comments?post=12503"}],"version-history":[{"count":3,"href":"https:\/\/blogs.fu-berlin.de\/bibliotheken\/wp-json\/wp\/v2\/posts\/12503\/revisions"}],"predecessor-version":[{"id":12506,"href":"https:\/\/blogs.fu-berlin.de\/bibliotheken\/wp-json\/wp\/v2\/posts\/12503\/revisions\/12506"}],"wp:attachment":[{"href":"https:\/\/blogs.fu-berlin.de\/bibliotheken\/wp-json\/wp\/v2\/media?parent=12503"}],"wp:term":[{"taxonomy":"category","embeddable":true,"href":"https:\/\/blogs.fu-berlin.de\/bibliotheken\/wp-json\/wp\/v2\/categories?post=12503"},{"taxonomy":"post_tag","embeddable":true,"href":"https:\/\/blogs.fu-berlin.de\/bibliotheken\/wp-json\/wp\/v2\/tags?post=12503"}],"curies":[{"name":"wp","href":"https:\/\/api.w.org\/{rel}","templated":true}]}}