{"id":12520,"date":"2012-09-10T11:11:46","date_gmt":"2012-09-10T10:11:46","guid":{"rendered":"https:\/\/blogs.fu-berlin.de\/bibliotheken\/?p=12520"},"modified":"2012-09-10T11:11:46","modified_gmt":"2012-09-10T10:11:46","slug":"ausstellung-uta-schwarz-korth-von-kaffee-socken-und-buchern-in-der-universitatsbibliothek","status":"publish","type":"post","link":"https:\/\/blogs.fu-berlin.de\/bibliotheken\/2012\/09\/10\/ausstellung-uta-schwarz-korth-von-kaffee-socken-und-buchern-in-der-universitatsbibliothek\/","title":{"rendered":"Ausstellung Uta Schwarz-Korth  &#8211; &#8222;Von Kaffee, Socken und B\u00fcchern&#8220; in der Universit\u00e4tsbibliothek"},"content":{"rendered":"<p><img loading=\"lazy\" decoding=\"async\" style=\"border-style: solid;border-width: thin\" src=\"https:\/\/blogs.fu-berlin.de\/bibliotheken\/files\/2012\/09\/schwarzkorth2012.jpg\" alt=\"\" width=\"177\" height=\"250\" align=\"right\" hspace=\"3\" vspace=\"3\" \/>Uta Schwarz-Korth wurde 1939 in Berlin-Zehlendorf geboren. Sie studierte Malerei, Grafik, Anglistik und Kunstp\u00e4dagogik und hat viele Jahre als Kunsterzieherin gearbeitet.<\/p>\n<p>Bei dem <a href=\"https:\/\/www.ub.fu-berlin.de\/service_neu\/ausstellung\/\" target=\"_blank\">Ausstellungsthema \u201eVon Kaffee, Socken und B\u00fcchern\u201c<\/a> werden gegens\u00e4tzliche Malobjekte zusammengestellt, die aus dem t\u00e4glichen Leben stammen, man k\u00f6nnte auch sagen \u201eEssen, Kleidung und B\u00fccher\u201c, was sowohl in der Malerei als auch in den ausgew\u00e4hlten B\u00fcchern oder Papierarbeiten zu sehen ist.<\/p>\n<p>Die Ausstellung im Foyer der Universit\u00e4tsbibliothek der Freien Universit\u00e4t Berlin kann vom 10. September bis zum 31. Oktober 2012 von Mo-Fr 9-20 Uhr besucht werden.<\/p>\n<p>Adresse: Garystr. 39, 14195 Berlin.<\/p>\n<h5>Am 10.9.2012 findet im Foyer der Universit\u00e4tsbibliothek um 17 Uhr die Ausstellungser\u00f6ffnung in Anwesenheit der K\u00fcnstlerin statt, zu der Interessierte herzlich eingeladen sind.<\/h5>\n","protected":false},"excerpt":{"rendered":"<p>Uta Schwarz-Korth wurde 1939 in Berlin-Zehlendorf geboren. Sie studierte Malerei, Grafik, Anglistik und Kunstp\u00e4dagogik und hat viele Jahre als Kunsterzieherin gearbeitet. Bei dem Ausstellungsthema \u201eVon Kaffee, Socken und B\u00fcchern\u201c werden gegens\u00e4tzliche Malobjekte zusammengestellt, die aus dem t\u00e4glichen Leben stammen, man k\u00f6nnte auch sagen \u201eEssen, Kleidung und B\u00fccher\u201c, was sowohl in der Malerei als auch in &hellip; <a href=\"https:\/\/blogs.fu-berlin.de\/bibliotheken\/2012\/09\/10\/ausstellung-uta-schwarz-korth-von-kaffee-socken-und-buchern-in-der-universitatsbibliothek\/\" class=\"more-link\"><span class=\"screen-reader-text\">\u201eAusstellung Uta Schwarz-Korth  &#8211; &#8222;Von Kaffee, Socken und B\u00fcchern&#8220; in der Universit\u00e4tsbibliothek\u201c<\/span> weiterlesen<\/a><\/p>\n","protected":false},"author":265,"featured_media":0,"comment_status":"open","ping_status":"open","sticky":false,"template":"","format":"standard","meta":{"footnotes":""},"categories":[9],"tags":[9981],"class_list":["post-12520","post","type-post","status-publish","format-standard","hentry","category-allgemein","tag-ausstellung-uta-schwarz-korth"],"_links":{"self":[{"href":"https:\/\/blogs.fu-berlin.de\/bibliotheken\/wp-json\/wp\/v2\/posts\/12520","targetHints":{"allow":["GET"]}}],"collection":[{"href":"https:\/\/blogs.fu-berlin.de\/bibliotheken\/wp-json\/wp\/v2\/posts"}],"about":[{"href":"https:\/\/blogs.fu-berlin.de\/bibliotheken\/wp-json\/wp\/v2\/types\/post"}],"author":[{"embeddable":true,"href":"https:\/\/blogs.fu-berlin.de\/bibliotheken\/wp-json\/wp\/v2\/users\/265"}],"replies":[{"embeddable":true,"href":"https:\/\/blogs.fu-berlin.de\/bibliotheken\/wp-json\/wp\/v2\/comments?post=12520"}],"version-history":[{"count":15,"href":"https:\/\/blogs.fu-berlin.de\/bibliotheken\/wp-json\/wp\/v2\/posts\/12520\/revisions"}],"predecessor-version":[{"id":12536,"href":"https:\/\/blogs.fu-berlin.de\/bibliotheken\/wp-json\/wp\/v2\/posts\/12520\/revisions\/12536"}],"wp:attachment":[{"href":"https:\/\/blogs.fu-berlin.de\/bibliotheken\/wp-json\/wp\/v2\/media?parent=12520"}],"wp:term":[{"taxonomy":"category","embeddable":true,"href":"https:\/\/blogs.fu-berlin.de\/bibliotheken\/wp-json\/wp\/v2\/categories?post=12520"},{"taxonomy":"post_tag","embeddable":true,"href":"https:\/\/blogs.fu-berlin.de\/bibliotheken\/wp-json\/wp\/v2\/tags?post=12520"}],"curies":[{"name":"wp","href":"https:\/\/api.w.org\/{rel}","templated":true}]}}