{"id":12563,"date":"2012-09-20T17:52:53","date_gmt":"2012-09-20T16:52:53","guid":{"rendered":"https:\/\/blogs.fu-berlin.de\/bibliotheken\/?p=12563"},"modified":"2012-09-20T17:55:10","modified_gmt":"2012-09-20T16:55:10","slug":"neuer-b2i-veranstaltungskalender","status":"publish","type":"post","link":"https:\/\/blogs.fu-berlin.de\/bibliotheken\/2012\/09\/20\/neuer-b2i-veranstaltungskalender\/","title":{"rendered":"Neuer b2i-Veranstaltungskalender"},"content":{"rendered":"<p><a href=\"https:\/\/vs13.kobv.de\/V?portal=FUBERLIN&amp;institute=FUBERLIN&amp;func=find-db-1-title&amp;mode=titles&amp;azlist=N&amp;scan_utf=&amp;scan_start=b2i&amp;search_type=contains&amp;restricted=all\"><img loading=\"lazy\" decoding=\"async\" class=\"alignright size-full wp-image-12564\" src=\"https:\/\/blogs.fu-berlin.de\/bibliotheken\/files\/2012\/09\/b2i.gif\" alt=\"\" width=\"131\" height=\"95\" align=\"right\" \/><\/a>Wie der <a href=\"https:\/\/blogs.sub.uni-hamburg.de\/webis\/2012\/08\/29\/vifa-b2i-nun-mit-veranstaltungskalender\/\">Webis-Blog<\/a> Ende letzten Monats meldete, wartet das Fachportal <a href=\"https:\/\/vs13.kobv.de\/V?portal=FUBERLIN&amp;institute=FUBERLIN&amp;func=find-db-1-title&amp;mode=titles&amp;azlist=N&amp;scan_utf=&amp;scan_start=b2i&amp;search_type=contains&amp;restricted=all\">b2i<\/a> mit einem zus\u00e4tzlichen Feature in seiner \u201eNews\u201c-Rubrik auf.<\/p>\n<p>Seit ein paar Wochen kann man sich mit Hilfe eines <a href=\"https:\/\/www.b2i.de\/news\/veranstaltungen\/\">Veranstaltungskalenders<\/a> (\u201eb2i-Event\u201c) \u00fcber vorwiegend wissenschaftliche Veranstaltungen aus den Bereichen Bibliothekswissenschaft, Informationswissenschaft und Buchwissenschaft (inkl. Archiv- und Dokumentationswesen sowie Museologie) auf dem Laufenden halten. Die Portal-Redaktion w\u00e4hlt passende Konferenzen, Workshops, Call for Papers usw. aus und stellte diese vor.<br \/>\n\u00dcber ein Formular kann man auch geeignete Veranstaltungen melden, die dann von der Redaktion bearbeitet und ver\u00f6ffentlicht werden.<\/p>\n<p>Das Wissenschaftsportal b2i gilt als zentrales Internetportal f\u00fcr die Bibliotheks-, Buch- und Informationswissenschaften, das es sich zum Ziel gesetzt hat, die verstreuten Fachinformationen in den drei eng benachbarten Disziplinen zu b\u00fcndeln und unter einer Suchoberfl\u00e4che zusammenf\u00fchren. Mit einer einzigen Suchanfrage recherchiert der Nutzer in einer Vielzahl von Nachweisinstrumenten f\u00fcr gedruckte und elektronische Materialien, Internetressourcen und Fakteninformationen.<\/p>\n","protected":false},"excerpt":{"rendered":"<p>Wie der Webis-Blog Ende letzten Monats meldete, wartet das Fachportal b2i mit einem zus\u00e4tzlichen Feature in seiner \u201eNews\u201c-Rubrik auf. Seit ein paar Wochen kann man sich mit Hilfe eines Veranstaltungskalenders (\u201eb2i-Event\u201c) \u00fcber vorwiegend wissenschaftliche Veranstaltungen aus den Bereichen Bibliothekswissenschaft, Informationswissenschaft und Buchwissenschaft (inkl. Archiv- und Dokumentationswesen sowie Museologie) auf dem Laufenden halten. Die Portal-Redaktion w\u00e4hlt &hellip; <a href=\"https:\/\/blogs.fu-berlin.de\/bibliotheken\/2012\/09\/20\/neuer-b2i-veranstaltungskalender\/\" class=\"more-link\"><span class=\"screen-reader-text\">\u201eNeuer b2i-Veranstaltungskalender\u201c<\/span> weiterlesen<\/a><\/p>\n","protected":false},"author":293,"featured_media":0,"comment_status":"open","ping_status":"open","sticky":false,"template":"","format":"standard","meta":{"footnotes":""},"categories":[9],"tags":[9990,2749,9989,996,1245,929,2102],"class_list":["post-12563","post","type-post","status-publish","format-standard","hentry","category-allgemein","tag-b2i","tag-bibliothekswissenschaft","tag-buchwissenschaft","tag-fachportal","tag-informationswissenschaft","tag-kalender","tag-veranstaltung"],"_links":{"self":[{"href":"https:\/\/blogs.fu-berlin.de\/bibliotheken\/wp-json\/wp\/v2\/posts\/12563","targetHints":{"allow":["GET"]}}],"collection":[{"href":"https:\/\/blogs.fu-berlin.de\/bibliotheken\/wp-json\/wp\/v2\/posts"}],"about":[{"href":"https:\/\/blogs.fu-berlin.de\/bibliotheken\/wp-json\/wp\/v2\/types\/post"}],"author":[{"embeddable":true,"href":"https:\/\/blogs.fu-berlin.de\/bibliotheken\/wp-json\/wp\/v2\/users\/293"}],"replies":[{"embeddable":true,"href":"https:\/\/blogs.fu-berlin.de\/bibliotheken\/wp-json\/wp\/v2\/comments?post=12563"}],"version-history":[{"count":3,"href":"https:\/\/blogs.fu-berlin.de\/bibliotheken\/wp-json\/wp\/v2\/posts\/12563\/revisions"}],"predecessor-version":[{"id":12570,"href":"https:\/\/blogs.fu-berlin.de\/bibliotheken\/wp-json\/wp\/v2\/posts\/12563\/revisions\/12570"}],"wp:attachment":[{"href":"https:\/\/blogs.fu-berlin.de\/bibliotheken\/wp-json\/wp\/v2\/media?parent=12563"}],"wp:term":[{"taxonomy":"category","embeddable":true,"href":"https:\/\/blogs.fu-berlin.de\/bibliotheken\/wp-json\/wp\/v2\/categories?post=12563"},{"taxonomy":"post_tag","embeddable":true,"href":"https:\/\/blogs.fu-berlin.de\/bibliotheken\/wp-json\/wp\/v2\/tags?post=12563"}],"curies":[{"name":"wp","href":"https:\/\/api.w.org\/{rel}","templated":true}]}}