{"id":12601,"date":"2012-10-02T09:30:23","date_gmt":"2012-10-02T08:30:23","guid":{"rendered":"https:\/\/blogs.fu-berlin.de\/bibliotheken\/?p=12601"},"modified":"2012-10-04T10:40:38","modified_gmt":"2012-10-04T09:40:38","slug":"informationskompetenz-lernen-und-leistungspunkte-erwerben","status":"publish","type":"post","link":"https:\/\/blogs.fu-berlin.de\/bibliotheken\/2012\/10\/02\/informationskompetenz-lernen-und-leistungspunkte-erwerben\/","title":{"rendered":"Informationskompetenz lernen und Leistungspunkte erwerben (Modul D)"},"content":{"rendered":"<p>Bachelorstudierende der Freien Universit\u00e4t k\u00f6nnen\/m\u00fcssen sich bereits jetzt f\u00fcr ein <a href=\"https:\/\/www.zedat.fu-berlin.de\/Schulung\/ABV-Module\">Modul f\u00fcr die Allgemeine Berufsvorbereitung (ABV) in Bachelor-Studieng\u00e4ngen anmelden<\/a><img loading=\"lazy\" decoding=\"async\" alt=\"\" src=\"https:\/\/www.zedat.fu-berlin.de\/pub\/ZEDAT\/Schulung\/ABV-Module\/abv-thumbnail.jpg\" class=\"alignright\" width=\"104\" height=\"148\" align=\"right\" \/>. Die <a href=\"https:\/\/www.ub.fu-berlin.de\/service_neu\/einfuehrung\/index.html#bachelor\">Kurse zur Informationskompetenz finden in 2 Lehrveranstaltungen im Februar\/M\u00e4rz 2013 als Intensivseminar<\/a> statt.<\/p>\n<p>Die Anmeldung zu diesem ABV-IT-Modul erfolgt in der Zeit vom<br \/>\n<strong>01.10.2012 bis 12.10.2012<br \/>\n\u00fcber Campus Management<\/strong><\/p>\n<p>Qualifikationsziele sind die F\u00e4higkeit zur kompetenten Handhabung grundlegender, neuer Technologien zum selbstgesteuerten Lernen und Informieren sowie die F\u00e4higkeit, Informationen fundiert zu bewerten. Dazu geh\u00f6ren ein solides Grundverst\u00e4ndnis der Funktionsweise der Informations- und Kommunikationstechnologien, Sicherheit im Umgang mit deren Werkzeugen, ein umfassender \u00dcberblick \u00fcber die zunehmend elektronisch vorhandenen Informationsangebote sowie das Erlernen effizienter Recherchetechniken.<\/p>\n","protected":false},"excerpt":{"rendered":"<p>Bachelorstudierende der Freien Universit\u00e4t k\u00f6nnen\/m\u00fcssen sich bereits jetzt f\u00fcr ein Modul f\u00fcr die Allgemeine Berufsvorbereitung (ABV) in Bachelor-Studieng\u00e4ngen anmelden. Die Kurse zur Informationskompetenz finden in 2 Lehrveranstaltungen im Februar\/M\u00e4rz 2013 als Intensivseminar statt. Die Anmeldung zu diesem ABV-IT-Modul erfolgt in der Zeit vom 01.10.2012 bis 12.10.2012 \u00fcber Campus Management Qualifikationsziele sind die F\u00e4higkeit zur kompetenten &hellip; <a href=\"https:\/\/blogs.fu-berlin.de\/bibliotheken\/2012\/10\/02\/informationskompetenz-lernen-und-leistungspunkte-erwerben\/\" class=\"more-link\"><span class=\"screen-reader-text\">\u201eInformationskompetenz lernen und Leistungspunkte erwerben (Modul D)\u201c<\/span> weiterlesen<\/a><\/p>\n","protected":false},"author":265,"featured_media":0,"comment_status":"open","ping_status":"open","sticky":false,"template":"","format":"standard","meta":{"footnotes":""},"categories":[491],"tags":[9998],"class_list":["post-12601","post","type-post","status-publish","format-standard","hentry","category-lernangebote-kurse","tag-abv-modul-informationskompetenz"],"_links":{"self":[{"href":"https:\/\/blogs.fu-berlin.de\/bibliotheken\/wp-json\/wp\/v2\/posts\/12601","targetHints":{"allow":["GET"]}}],"collection":[{"href":"https:\/\/blogs.fu-berlin.de\/bibliotheken\/wp-json\/wp\/v2\/posts"}],"about":[{"href":"https:\/\/blogs.fu-berlin.de\/bibliotheken\/wp-json\/wp\/v2\/types\/post"}],"author":[{"embeddable":true,"href":"https:\/\/blogs.fu-berlin.de\/bibliotheken\/wp-json\/wp\/v2\/users\/265"}],"replies":[{"embeddable":true,"href":"https:\/\/blogs.fu-berlin.de\/bibliotheken\/wp-json\/wp\/v2\/comments?post=12601"}],"version-history":[{"count":5,"href":"https:\/\/blogs.fu-berlin.de\/bibliotheken\/wp-json\/wp\/v2\/posts\/12601\/revisions"}],"predecessor-version":[{"id":12619,"href":"https:\/\/blogs.fu-berlin.de\/bibliotheken\/wp-json\/wp\/v2\/posts\/12601\/revisions\/12619"}],"wp:attachment":[{"href":"https:\/\/blogs.fu-berlin.de\/bibliotheken\/wp-json\/wp\/v2\/media?parent=12601"}],"wp:term":[{"taxonomy":"category","embeddable":true,"href":"https:\/\/blogs.fu-berlin.de\/bibliotheken\/wp-json\/wp\/v2\/categories?post=12601"},{"taxonomy":"post_tag","embeddable":true,"href":"https:\/\/blogs.fu-berlin.de\/bibliotheken\/wp-json\/wp\/v2\/tags?post=12601"}],"curies":[{"name":"wp","href":"https:\/\/api.w.org\/{rel}","templated":true}]}}