{"id":12624,"date":"2012-10-04T16:12:45","date_gmt":"2012-10-04T15:12:45","guid":{"rendered":"https:\/\/blogs.fu-berlin.de\/bibliotheken\/?p=12624"},"modified":"2012-10-04T16:26:26","modified_gmt":"2012-10-04T15:26:26","slug":"happy-birthday-dnb","status":"publish","type":"post","link":"https:\/\/blogs.fu-berlin.de\/bibliotheken\/2012\/10\/04\/happy-birthday-dnb\/","title":{"rendered":"Happy Birthday, DNB &#8230;"},"content":{"rendered":"<p><a href=\"https:\/\/blogs.fu-berlin.de\/bibliotheken\/files\/2012\/10\/150px-BibLeipzigaussen.jpg\"><img loading=\"lazy\" decoding=\"async\" class=\"alignright size-full wp-image-12625\" src=\"https:\/\/blogs.fu-berlin.de\/bibliotheken\/files\/2012\/10\/150px-BibLeipzigaussen.jpg\" alt=\"\" width=\"150\" height=\"89\" align=\"right\" \/><\/a>\u2026 nachtr\u00e4glich! Gestern feierte die Vorg\u00e4ngerinstitution der <a href=\"https:\/\/www.dnb.de\/DE\/100Jahre\/100Jahre_node.html\">Deutschen Nationalbibliothek<\/a>, die <em>Deutsche B\u00fccherei<\/em> in Leipzig, ihren 100 Geburtstag. Seit 1913 hat die DNB die Aufgabe, ver\u00f6ffentlichte deutschsprachige beziehungsweise auf Deutschland bezogene Literatur vollst\u00e4ndig zu sammeln, zu erschlie\u00dfen und zu archivieren. Der MDR blickte zum Jubil\u00e4um diese Woche in der Dokumentation <em>Der B\u00fccherturm<\/em> hinter die Kulissen. Wer den knapp halbst\u00fcndigen Film verpasst hat, kann das in der <a href=\"https:\/\/mediathek.ard.de\/mdr-fernsehen\/der-osten-entdecke-wo-du-lebst\/der-buecherturm-100-jahre-deutsche-nationalbibliothek?documentId=11968358\">ARD-Mediathek<\/a> nachholen.<\/p>\n<h6>Bild: Neuer Erweiterungsbau der DNB in Leipzig (Urheber: <a href=\"https:\/\/commons.wikimedia.org\/wiki\/File:BibLeipzigaussen.JPG\">Concord, CC-BY-SA-3.0<\/a>)<\/h6>\n","protected":false},"excerpt":{"rendered":"<p>\u2026 nachtr\u00e4glich! Gestern feierte die Vorg\u00e4ngerinstitution der Deutschen Nationalbibliothek, die Deutsche B\u00fccherei in Leipzig, ihren 100 Geburtstag. Seit 1913 hat die DNB die Aufgabe, ver\u00f6ffentlichte deutschsprachige beziehungsweise auf Deutschland bezogene Literatur vollst\u00e4ndig zu sammeln, zu erschlie\u00dfen und zu archivieren. Der MDR blickte zum Jubil\u00e4um diese Woche in der Dokumentation Der B\u00fccherturm hinter die Kulissen. Wer &hellip; <a href=\"https:\/\/blogs.fu-berlin.de\/bibliotheken\/2012\/10\/04\/happy-birthday-dnb\/\" class=\"more-link\"><span class=\"screen-reader-text\">\u201eHappy Birthday, DNB &#8230;\u201c<\/span> weiterlesen<\/a><\/p>\n","protected":false},"author":293,"featured_media":0,"comment_status":"open","ping_status":"open","sticky":false,"template":"","format":"standard","meta":{"footnotes":""},"categories":[599,604],"tags":[10001,3005,410,1622],"class_list":["post-12624","post","type-post","status-publish","format-standard","hentry","category-bibliothekswesen","category-ins-netz-geschaut","tag-deutsche-bucherei","tag-deutsche-nationalbibliothek","tag-jubilaum","tag-leipzig"],"_links":{"self":[{"href":"https:\/\/blogs.fu-berlin.de\/bibliotheken\/wp-json\/wp\/v2\/posts\/12624","targetHints":{"allow":["GET"]}}],"collection":[{"href":"https:\/\/blogs.fu-berlin.de\/bibliotheken\/wp-json\/wp\/v2\/posts"}],"about":[{"href":"https:\/\/blogs.fu-berlin.de\/bibliotheken\/wp-json\/wp\/v2\/types\/post"}],"author":[{"embeddable":true,"href":"https:\/\/blogs.fu-berlin.de\/bibliotheken\/wp-json\/wp\/v2\/users\/293"}],"replies":[{"embeddable":true,"href":"https:\/\/blogs.fu-berlin.de\/bibliotheken\/wp-json\/wp\/v2\/comments?post=12624"}],"version-history":[{"count":5,"href":"https:\/\/blogs.fu-berlin.de\/bibliotheken\/wp-json\/wp\/v2\/posts\/12624\/revisions"}],"predecessor-version":[{"id":12631,"href":"https:\/\/blogs.fu-berlin.de\/bibliotheken\/wp-json\/wp\/v2\/posts\/12624\/revisions\/12631"}],"wp:attachment":[{"href":"https:\/\/blogs.fu-berlin.de\/bibliotheken\/wp-json\/wp\/v2\/media?parent=12624"}],"wp:term":[{"taxonomy":"category","embeddable":true,"href":"https:\/\/blogs.fu-berlin.de\/bibliotheken\/wp-json\/wp\/v2\/categories?post=12624"},{"taxonomy":"post_tag","embeddable":true,"href":"https:\/\/blogs.fu-berlin.de\/bibliotheken\/wp-json\/wp\/v2\/tags?post=12624"}],"curies":[{"name":"wp","href":"https:\/\/api.w.org\/{rel}","templated":true}]}}