{"id":12638,"date":"2012-10-08T18:13:30","date_gmt":"2012-10-08T17:13:30","guid":{"rendered":"https:\/\/blogs.fu-berlin.de\/bibliotheken\/?p=12638"},"modified":"2016-10-24T12:30:30","modified_gmt":"2016-10-24T11:30:30","slug":"deutscher-buchpreis-fur-ursula-krechel","status":"publish","type":"post","link":"https:\/\/blogs.fu-berlin.de\/bibliotheken\/2012\/10\/08\/deutscher-buchpreis-fur-ursula-krechel\/","title":{"rendered":"Deutscher Buchpreis f\u00fcr Ursula Krechel"},"content":{"rendered":"<p><a href=\"https:\/\/blogs.fu-berlin.de\/bibliotheken\/files\/2012\/08\/buchpreis2012.gif\"><img loading=\"lazy\" decoding=\"async\" class=\"alignright size-full wp-image-12410\" src=\"https:\/\/blogs.fu-berlin.de\/bibliotheken\/files\/2012\/08\/buchpreis2012.gif\" alt=\"\" width=\"145\" height=\"114\" align=\"right\" \/><\/a>Nachdem im Vorjahr Romandeb\u00fctant Eugen Ruge (<em>In Zeiten des abnehmenden Lichts<\/em>) siegreich war geht der Deutsche Buchpreis 2012 an Ursula Krechel. In ihrem Roman <em>Landgericht<\/em> zeichne sie <a href=\"https:\/\/www.deutscher-buchpreis.de\/de\/551543\/\">laut Jurybegr\u00fcndung<\/a> \u201eBald poetisch, bald lakonisch [\u2026] pr\u00e4zise ihr Bild der fr\u00fchen Bundesrepublik \u2013 von der Architektur \u00fcber die Lebensformen bis hinein in die Widerspr\u00fcche der Familienpsychologie. Landgericht ist ein bewegender, politisch akuter, in seiner Anmutung bewundernswert k\u00fchler und moderner Roman\u201c.<\/p>\n<p>Das Werk folgt einem vor den Nazis gefl\u00fcchteten j\u00fcdischen Richter, der 1947 aus dem Exil in Havanna nach Deutschland zur versprengten Familie zur\u00fcckkehrt. Ursula Krechel, die zuletzt 2009 mit dem Roman <em>Shanghai fern von wo<\/em> auf sich aufmerksam machte, stammte aus Trier, lebt aber mittlerweile in Berlin. Sie studierte Germanistik, Theaterwissenschaft und Kunstgeschichte und ist nach Arbeiten als Dramaturgin seit Anfang der 1970er-Jahre als freie Schriftstellerin t\u00e4tig. Neben Romanen erschienen von ihr auch Gedichtb\u00e4nde, H\u00f6rspiele und Essays (<a href=\"https:\/\/aleph-www.ub.fu-berlin.de\/F\/?func=find-e&amp;request=ursula+krechel&amp;find_scan_code=FIND_WRD&amp;adjacent=N\">Werke von Ursula Krechel im FU-Katalog<\/a>).<\/p>\n<p>Krechel setzte sich im Finale gegen Ernst Augustin (<em>Robinsons blaues Haus<\/em>), den diesj\u00e4hrigen Preistr\u00e4ger der Leipziger Buchmesse Wolfgang Herrndorf (<em>Sand<\/em>), Clemens J. Setz (<em>Indigo<\/em>), Stephan Thome (<em>Fliehkr\u00e4fte<\/em>) und Ulf Erdmann Ziegler (<em>Nichts Wei\u00dfes<\/em>) durch. Lese- und H\u00f6rproben aller nominierten Romane bietet eine <a href=\"https:\/\/www.deutscher-buchpreis.de\/de\/548458\/\">kostenfreie App<\/a>. Alle sechs auf der Shortlist vertretenen Titel sind auch im Bestand der <a href=\"https:\/\/www.fu-berlin.de\/sites\/philbib\/\">Philologischen Bibliothek<\/a> zu finden (teilweise schon vorgemerkt).<\/p>\n<p>Der Deutsche Buchpreis wird seit 2005 vom B\u00f6rsenverein des Deutschen Buchhandels kurz vor der Frankfurter Buchmesse verliehen. Die Auszeichnung gilt als deutsche Antwort auf den franz\u00f6sischen Prix Goncourt oder den britischen Booker Prize und ist mit 25.000 Euro f\u00fcr den Sieger dotiert. \u00dcber die Vergabe entscheidet eine j\u00e4hrlich wechselnde, siebenk\u00f6pfige Jury. 2012 setzte sich diese u. a. aus dem Literaturkritiker bzw. -redakteur Andreas Isenschmid (<em>NZZ am Sonntag<\/em>), Dirk Knipphals (<em>taz<\/em>) und Stephan Lohr (<em>NDR Kultur<\/em>) zusammen.<\/p>\n<p><strong>Nobelpreisvergabe am Donnerstag<\/strong><br \/>\nDer Deutsche Buchpreis ist nicht die einzige literarische Auszeichnung, die diese Woche vergeben wird. Am Donnerstag wird in Stockholm der Gewinner des diesj\u00e4hrigen Literaturnobelpreises bekannt gegeben. Am h\u00f6chsten gewettet werden gegenw\u00e4rtig der japanische Romancier Haruki Murakami (<em>Naokos L\u00e4cheln<\/em>), sein chinesischer Kollege Mo Yan (<em>Das rote Kornfeld<\/em>) sowie die kanadische Kurzgeschichtenautorin Alice Munro (<em>Die Liebe einer Frau<\/em>). <a href=\"https:\/\/blogs.fu-berlin.de\/bibliotheken\/2011\/10\/06\/literaturnobelpreis-fur-tomas-transtromer\/\">Im letzten Jahr<\/a> war der schwedische Dichter Tomas Transtr\u00f6mer erfolgreich.<\/p>\n","protected":false},"excerpt":{"rendered":"<p>Nachdem im Vorjahr Romandeb\u00fctant Eugen Ruge (In Zeiten des abnehmenden Lichts) siegreich war geht der Deutsche Buchpreis 2012 an Ursula Krechel. In ihrem Roman Landgericht zeichne sie laut Jurybegr\u00fcndung \u201eBald poetisch, bald lakonisch [\u2026] pr\u00e4zise ihr Bild der fr\u00fchen Bundesrepublik \u2013 von der Architektur \u00fcber die Lebensformen bis hinein in die Widerspr\u00fcche der Familienpsychologie. Landgericht &hellip; <a href=\"https:\/\/blogs.fu-berlin.de\/bibliotheken\/2012\/10\/08\/deutscher-buchpreis-fur-ursula-krechel\/\" class=\"more-link\"><span class=\"screen-reader-text\">\u201eDeutscher Buchpreis f\u00fcr Ursula Krechel\u201c<\/span> weiterlesen<\/a><\/p>\n","protected":false},"author":293,"featured_media":0,"comment_status":"open","ping_status":"open","sticky":false,"template":"","format":"standard","meta":{"footnotes":""},"categories":[604,492],"tags":[57543,57544],"class_list":["post-12638","post","type-post","status-publish","format-standard","hentry","category-ins-netz-geschaut","category-literaturtipps","tag-deutscher-buchpreis","tag-ursula-krechel"],"_links":{"self":[{"href":"https:\/\/blogs.fu-berlin.de\/bibliotheken\/wp-json\/wp\/v2\/posts\/12638","targetHints":{"allow":["GET"]}}],"collection":[{"href":"https:\/\/blogs.fu-berlin.de\/bibliotheken\/wp-json\/wp\/v2\/posts"}],"about":[{"href":"https:\/\/blogs.fu-berlin.de\/bibliotheken\/wp-json\/wp\/v2\/types\/post"}],"author":[{"embeddable":true,"href":"https:\/\/blogs.fu-berlin.de\/bibliotheken\/wp-json\/wp\/v2\/users\/293"}],"replies":[{"embeddable":true,"href":"https:\/\/blogs.fu-berlin.de\/bibliotheken\/wp-json\/wp\/v2\/comments?post=12638"}],"version-history":[{"count":12,"href":"https:\/\/blogs.fu-berlin.de\/bibliotheken\/wp-json\/wp\/v2\/posts\/12638\/revisions"}],"predecessor-version":[{"id":19956,"href":"https:\/\/blogs.fu-berlin.de\/bibliotheken\/wp-json\/wp\/v2\/posts\/12638\/revisions\/19956"}],"wp:attachment":[{"href":"https:\/\/blogs.fu-berlin.de\/bibliotheken\/wp-json\/wp\/v2\/media?parent=12638"}],"wp:term":[{"taxonomy":"category","embeddable":true,"href":"https:\/\/blogs.fu-berlin.de\/bibliotheken\/wp-json\/wp\/v2\/categories?post=12638"},{"taxonomy":"post_tag","embeddable":true,"href":"https:\/\/blogs.fu-berlin.de\/bibliotheken\/wp-json\/wp\/v2\/tags?post=12638"}],"curies":[{"name":"wp","href":"https:\/\/api.w.org\/{rel}","templated":true}]}}