{"id":12729,"date":"2012-10-12T10:39:41","date_gmt":"2012-10-12T09:39:41","guid":{"rendered":"https:\/\/blogs.fu-berlin.de\/bibliotheken\/?p=12729"},"modified":"2021-09-16T11:28:41","modified_gmt":"2021-09-16T10:28:41","slug":"friedensnobelpreis-fur-die-europaische-union","status":"publish","type":"post","link":"https:\/\/blogs.fu-berlin.de\/bibliotheken\/2012\/10\/12\/friedensnobelpreis-fur-die-europaische-union\/","title":{"rendered":"Friedensnobelpreis f\u00fcr die Europ\u00e4ische Union"},"content":{"rendered":"\n<p><em><span class=\"has-inline-color has-bright-red-color\">Der Betrieb des \u201eDokumentationszentrums UN \u2013 EU\u201c wird eingestellt. Die entsprechende Literatur bleibt im Bestand und ist weiterhin zug\u00e4nglich.<\/span><\/em><\/p>\n\n\n<p><a href=\"https:\/\/blogs.fu-berlin.de\/bibliotheken\/files\/2012\/10\/150px-European_flag_in_Karlskrona_2011.jpg\"><img loading=\"lazy\" decoding=\"async\" class=\"alignright size-full wp-image-12739\" src=\"https:\/\/blogs.fu-berlin.de\/bibliotheken\/files\/2012\/10\/150px-European_flag_in_Karlskrona_2011.jpg\" alt=\"\" width=\"150\" height=\"100\" align=\"right\"><\/a>Der aktuellen Schulden- und Wirtschaftskrise zum Trotz ist heute in Oslo der <a href=\"https:\/\/www.nobelprize.org\/nobel_prizes\/peace\/laureates\/2012\/#\">Friedensnobelpreis<\/a> an die Europ\u00e4ische Union verliehen worden. Thorbj\u00f8rn Jagland, Chef des Friedensnobelpreis-Komitees und aktuell Generalsekret\u00e4r des Europarates, begr\u00fcndete die Preisvergabe damit, dass die EU \u00fcber sechs Jahrzehnte Frieden, Menschenrechte und die Vers\u00f6hnung zwischen West und Ost in Europa gest\u00e4rkt habe.<\/p>\n<p>Die Europ\u00e4ische Union ging aus den in den 1950er-Jahren gegr\u00fcndeten Europ\u00e4ischen Gemeinschaften EGKS, EWG und Euratom hervor, denen Belgien, die Bundesrepublik Deutschland, Frankreich, Italien, Luxemburg und die Niederlande angeh\u00f6rten. Nur ein paar Jahre j\u00fcnger ist das <a href=\"https:\/\/www.ub.fu-berlin.de\/bibliothek\/uneu\/\">Europ\u00e4ischen Dokumentationszentrums<\/a> (EDZ) an der FU Berlin. Diesen Status genie\u00dft seit 1963 die Universit\u00e4tsbibliothek.<\/p>\n<p><a href=\"https:\/\/blogs.fu-berlin.de\/bibliotheken\/2011\/12\/23\/dokumentationszentrum-un-eu-umgebaut\/uneu\/\" rel=\"attachment wp-att-9826\"><img loading=\"lazy\" decoding=\"async\" class=\"alignright size-full wp-image-9826\" src=\"https:\/\/blogs.fu-berlin.de\/bibliotheken\/files\/2011\/12\/uneu.jpg\" alt=\"\" width=\"200\" vspace=\"4\" hspace=\"4\" height=\"142\" align=\"right\"><\/a>Das Dokumentationszentrum an der UB sammelt und erschlie\u00dft seither die Ver\u00f6ffentlichungen und Dokumente der Europ\u00e4ischen Union sowie der Vereinten Nationen, erg\u00e4nzend und in Auswahl auch Ver\u00f6ffentlichungen der UN-Sonderorganisationen, des Europarats und anderer internationaler Organisationen. Es verf\u00fcgt in der Region \u00fcber eine der umfangreichsten Sammlungen an Prim\u00e4rliteratur \u00fcber die beiden Organisationen und geh\u00f6rt damit zum Informationsnetz der EU.<\/p>\n<p>Ende 2011 wurden die R\u00e4umlichkeiten im 2. Stock der Universit\u00e4tsbibliothek umgebaut bzw. erweitert. Wichtige Prim\u00e4rpublikationen (u.a. die Sitzungsprotokolle des Europ\u00e4ischen Parlaments) wurden aus dem Zeitschriftenfreihandmagazin in das Dokumentationszentrum umgestellt und es wurde eine neue Systematik eingef\u00fchrt. Dadurch soll die Benutzung wesentlich erleichtert werden.<\/p>\n<p>Fragen rund zum Themenkomplex EU und UN beantworten gerne die Mitarbeiterinnen des Dokumentationszentrums (Tel.: (030) 838-523 99, E-Mail: <a href=\"mailto:uneu-dok@ub.fu-berlin.de\">uneu-dok@ub.fu-berlin.de<\/a>). Auch werden die Semester \u00fcber auf Anfrage Schulungen zur <a href=\"https:\/\/www.fu-berlin.de\/vv\/lv\/74439?m=157269&amp;pc=62752&amp;sm=11907\">Europ\u00e4ischen Union und ihre Dokumente<\/a> angeboten.<\/p>\n<h6>Bild: EU-Flagge in Karlskrona, Schweden (<a href=\"https:\/\/commons.wikimedia.org\/wiki\/File:European_flag_in_Karlskrona_2011.jpg\">Urheber: MPD01605, Lizenz: CC-BY-SA-2.0<\/a>)<\/h6>","protected":false},"excerpt":{"rendered":"<p>Der Betrieb des \u201eDokumentationszentrums UN \u2013 EU\u201c wird eingestellt. Die entsprechende Literatur bleibt im Bestand und ist weiterhin zug\u00e4nglich. Der aktuellen Schulden- und Wirtschaftskrise zum Trotz ist heute in Oslo der Friedensnobelpreis an die Europ\u00e4ische Union verliehen worden. Thorbj\u00f8rn Jagland, Chef des Friedensnobelpreis-Komitees und aktuell Generalsekret\u00e4r des Europarates, begr\u00fcndete die Preisvergabe damit, dass die EU &hellip; <a href=\"https:\/\/blogs.fu-berlin.de\/bibliotheken\/2012\/10\/12\/friedensnobelpreis-fur-die-europaische-union\/\" class=\"more-link\"><span class=\"screen-reader-text\">\u201eFriedensnobelpreis f\u00fcr die Europ\u00e4ische Union\u201c<\/span> weiterlesen<\/a><\/p>\n","protected":false},"author":293,"featured_media":0,"comment_status":"open","ping_status":"open","sticky":false,"template":"","format":"standard","meta":{"footnotes":""},"categories":[9,604,601],"tags":[2458,196590],"class_list":["post-12729","post","type-post","status-publish","format-standard","hentry","category-allgemein","category-ins-netz-geschaut","category-universitatsbibliothek","tag-dokumentationszentrum-un-eu","tag-friedensnobelpreis"],"_links":{"self":[{"href":"https:\/\/blogs.fu-berlin.de\/bibliotheken\/wp-json\/wp\/v2\/posts\/12729","targetHints":{"allow":["GET"]}}],"collection":[{"href":"https:\/\/blogs.fu-berlin.de\/bibliotheken\/wp-json\/wp\/v2\/posts"}],"about":[{"href":"https:\/\/blogs.fu-berlin.de\/bibliotheken\/wp-json\/wp\/v2\/types\/post"}],"author":[{"embeddable":true,"href":"https:\/\/blogs.fu-berlin.de\/bibliotheken\/wp-json\/wp\/v2\/users\/293"}],"replies":[{"embeddable":true,"href":"https:\/\/blogs.fu-berlin.de\/bibliotheken\/wp-json\/wp\/v2\/comments?post=12729"}],"version-history":[{"count":22,"href":"https:\/\/blogs.fu-berlin.de\/bibliotheken\/wp-json\/wp\/v2\/posts\/12729\/revisions"}],"predecessor-version":[{"id":29581,"href":"https:\/\/blogs.fu-berlin.de\/bibliotheken\/wp-json\/wp\/v2\/posts\/12729\/revisions\/29581"}],"wp:attachment":[{"href":"https:\/\/blogs.fu-berlin.de\/bibliotheken\/wp-json\/wp\/v2\/media?parent=12729"}],"wp:term":[{"taxonomy":"category","embeddable":true,"href":"https:\/\/blogs.fu-berlin.de\/bibliotheken\/wp-json\/wp\/v2\/categories?post=12729"},{"taxonomy":"post_tag","embeddable":true,"href":"https:\/\/blogs.fu-berlin.de\/bibliotheken\/wp-json\/wp\/v2\/tags?post=12729"}],"curies":[{"name":"wp","href":"https:\/\/api.w.org\/{rel}","templated":true}]}}