{"id":12791,"date":"2012-10-18T15:51:03","date_gmt":"2012-10-18T14:51:03","guid":{"rendered":"https:\/\/blogs.fu-berlin.de\/bibliotheken\/?p=12791"},"modified":"2012-10-18T15:51:03","modified_gmt":"2012-10-18T14:51:03","slug":"bibliotheksclip-preisgekront","status":"publish","type":"post","link":"https:\/\/blogs.fu-berlin.de\/bibliotheken\/2012\/10\/18\/bibliotheksclip-preisgekront\/","title":{"rendered":"Bibliotheksclip preisgekr\u00f6nt"},"content":{"rendered":"<p>Ende letzten Monats wurde der Werbeclip \u201eABC\u201c des Deutschen Bibliotheksverbands (dbv) <a href=\"https:\/\/www.bibliotheksverband.de\/dbv\/presse\/presse-details\/article\/werbeclip-abc-des-deutschen-bibliotheksverbands-dbv-gewinnt-1-preis-beim-deutschen-wirtscha.html\">preisgekr\u00f6nt<\/a>. Der anderthalbmin\u00fctige Film, der 2011 im Rahmen der Aktionswoche \u201eTreffpunkt Bibliothek\u201c im Auftrag gegeben wurde, belegte bei der Verleihung des Deutschen Wirtschaftsfilmpreises den ersten Platz in der Kategorie Nachwuchs. Herzlichen Gl\u00fcckwunsch an dieser Stelle nachtr\u00e4glich! Der originelle und witzige Streifen l\u00e4sst sich via <a href=\"https:\/\/www.youtube.com\/watch?v=ctWHCWeQlC4\">YouTube-Channel des dbv<\/a> ansehen.<\/p>\n","protected":false},"excerpt":{"rendered":"<p>Ende letzten Monats wurde der Werbeclip \u201eABC\u201c des Deutschen Bibliotheksverbands (dbv) preisgekr\u00f6nt. Der anderthalbmin\u00fctige Film, der 2011 im Rahmen der Aktionswoche \u201eTreffpunkt Bibliothek\u201c im Auftrag gegeben wurde, belegte bei der Verleihung des Deutschen Wirtschaftsfilmpreises den ersten Platz in der Kategorie Nachwuchs. Herzlichen Gl\u00fcckwunsch an dieser Stelle nachtr\u00e4glich! Der originelle und witzige Streifen l\u00e4sst sich via &hellip; <a href=\"https:\/\/blogs.fu-berlin.de\/bibliotheken\/2012\/10\/18\/bibliotheksclip-preisgekront\/\" class=\"more-link\"><span class=\"screen-reader-text\">\u201eBibliotheksclip preisgekr\u00f6nt\u201c<\/span> weiterlesen<\/a><\/p>\n","protected":false},"author":293,"featured_media":0,"comment_status":"open","ping_status":"open","sticky":false,"template":"","format":"standard","meta":{"footnotes":""},"categories":[9,604],"tags":[10008,10010,10009],"class_list":["post-12791","post","type-post","status-publish","format-standard","hentry","category-allgemein","category-ins-netz-geschaut","tag-deutschen-bibliotheksverband","tag-deutscher-wirtschaftsfilmpreis","tag-werbeclip"],"_links":{"self":[{"href":"https:\/\/blogs.fu-berlin.de\/bibliotheken\/wp-json\/wp\/v2\/posts\/12791","targetHints":{"allow":["GET"]}}],"collection":[{"href":"https:\/\/blogs.fu-berlin.de\/bibliotheken\/wp-json\/wp\/v2\/posts"}],"about":[{"href":"https:\/\/blogs.fu-berlin.de\/bibliotheken\/wp-json\/wp\/v2\/types\/post"}],"author":[{"embeddable":true,"href":"https:\/\/blogs.fu-berlin.de\/bibliotheken\/wp-json\/wp\/v2\/users\/293"}],"replies":[{"embeddable":true,"href":"https:\/\/blogs.fu-berlin.de\/bibliotheken\/wp-json\/wp\/v2\/comments?post=12791"}],"version-history":[{"count":2,"href":"https:\/\/blogs.fu-berlin.de\/bibliotheken\/wp-json\/wp\/v2\/posts\/12791\/revisions"}],"predecessor-version":[{"id":12793,"href":"https:\/\/blogs.fu-berlin.de\/bibliotheken\/wp-json\/wp\/v2\/posts\/12791\/revisions\/12793"}],"wp:attachment":[{"href":"https:\/\/blogs.fu-berlin.de\/bibliotheken\/wp-json\/wp\/v2\/media?parent=12791"}],"wp:term":[{"taxonomy":"category","embeddable":true,"href":"https:\/\/blogs.fu-berlin.de\/bibliotheken\/wp-json\/wp\/v2\/categories?post=12791"},{"taxonomy":"post_tag","embeddable":true,"href":"https:\/\/blogs.fu-berlin.de\/bibliotheken\/wp-json\/wp\/v2\/tags?post=12791"}],"curies":[{"name":"wp","href":"https:\/\/api.w.org\/{rel}","templated":true}]}}