{"id":12822,"date":"2012-10-24T14:30:12","date_gmt":"2012-10-24T13:30:12","guid":{"rendered":"https:\/\/blogs.fu-berlin.de\/bibliotheken\/?p=12822"},"modified":"2012-10-25T08:56:56","modified_gmt":"2012-10-25T07:56:56","slug":"tag-der-bibliotheken","status":"publish","type":"post","link":"https:\/\/blogs.fu-berlin.de\/bibliotheken\/2012\/10\/24\/tag-der-bibliotheken\/","title":{"rendered":"Tag der Bibliotheken"},"content":{"rendered":"<p>\u00dcber das Jahr gesehen gibt es eine Unmenge an Gedenk- und Aktionstagen. Nat\u00fcrlich wurde auch an die Bibliotheken gedacht und so wird allj\u00e4hrlich am 24. Oktober der \u201e<a href=\"https:\/\/www.bibliotheksverband.de\/dbv\/themen\/tag-der-bibliotheken.html\">Tag der Bibliotheken<\/a>\u201c begangen. Ausgerufen 1995 unter der Schirmherrschaft des fr\u00fcheren deutschen Bundespr\u00e4sidenten Richard von Weizs\u00e4cker, erinnert das Datum an die Gr\u00fcndung der ersten \u00f6ffentlichen Bibliothek in Deutschland im Jahr 1828, der Vaterl\u00e4ndischen B\u00fcrger-Bibliothek im s\u00e4chsischen Gro\u00dfenhain (heute als Karl-Preusker-B\u00fccherei bekannt).<\/p>\n<p>Allj\u00e4hrlich wird an diesem Datum auch der Preis \u201e<a href=\"https:\/\/www.bibliotheksverband.de\/dbv\/auszeichnungen\/bibliothek-des-jahres\/preistraeger.html\">Bibliothek des Jahres<\/a>\u201c vergeben. Gestiftet wurde die Auszeichnung im Jahr 2000 von der ZEIT-Stiftung Ebelin und Gerd Bucerius. Es ist der einzige nationale Bibliothekspreis in Deutschland. In der Vergangenheit tummelten sich unter den Gewinnern sowohl \u00f6ffentliche, als auch wissenschaftliche Bibliotheken und sogar eine Gef\u00e4ngnisbibliothek. Dieses Jahr geht die Auszeichnung an die <a href=\"https:\/\/www.th-wildau.de\/bibliothek.html\">Bibliothek der Technischen Hochschule Wildau (FH)<\/a> (s. auch <a href=\"https:\/\/www.bibliotheksverband.de\/dbv\/presse\/themendienst.html\">dbv-Themendienst, Nr. 5<\/a>) \u2013 Gl\u00fcckw\u00fcnsche nach Brandenburg, wo zum ersten Mal Bibliotheksarbeit honoriert wird. Im Jahr zuvor hatte man die <a href=\"https:\/\/www.berlin.de\/ba-lichtenberg\/buergerservice\/bildung\/bibliothek012.html\">Anton-Saefkow-Bibliothek<\/a> in Berlin-Lichtenberg preisgekr\u00f6nt. An eine Berliner wissenschaftliche Bibliothek ging die Auszeichnung allerdings noch nie, aber es gibt ja bekanntlich immer ein erstes Mal \u2026 <img decoding=\"async\" src=\"https:\/\/blogs.fu-berlin.de\/bibliotheken\/wp-includes\/images\/smilies\/icon_wink.gif\" alt=\";)\" \/><\/p>\n","protected":false},"excerpt":{"rendered":"<p>\u00dcber das Jahr gesehen gibt es eine Unmenge an Gedenk- und Aktionstagen. Nat\u00fcrlich wurde auch an die Bibliotheken gedacht und so wird allj\u00e4hrlich am 24. Oktober der \u201eTag der Bibliotheken\u201c begangen. Ausgerufen 1995 unter der Schirmherrschaft des fr\u00fcheren deutschen Bundespr\u00e4sidenten Richard von Weizs\u00e4cker, erinnert das Datum an die Gr\u00fcndung der ersten \u00f6ffentlichen Bibliothek in Deutschland &hellip; <a href=\"https:\/\/blogs.fu-berlin.de\/bibliotheken\/2012\/10\/24\/tag-der-bibliotheken\/\" class=\"more-link\"><span class=\"screen-reader-text\">\u201eTag der Bibliotheken\u201c<\/span> weiterlesen<\/a><\/p>\n","protected":false},"author":293,"featured_media":0,"comment_status":"open","ping_status":"open","sticky":false,"template":"","format":"standard","meta":{"footnotes":""},"categories":[599,604],"tags":[10023,1274],"class_list":["post-12822","post","type-post","status-publish","format-standard","hentry","category-bibliothekswesen","category-ins-netz-geschaut","tag-bibliothek-des-jahres-2012","tag-tag-der-bibliotheken"],"_links":{"self":[{"href":"https:\/\/blogs.fu-berlin.de\/bibliotheken\/wp-json\/wp\/v2\/posts\/12822","targetHints":{"allow":["GET"]}}],"collection":[{"href":"https:\/\/blogs.fu-berlin.de\/bibliotheken\/wp-json\/wp\/v2\/posts"}],"about":[{"href":"https:\/\/blogs.fu-berlin.de\/bibliotheken\/wp-json\/wp\/v2\/types\/post"}],"author":[{"embeddable":true,"href":"https:\/\/blogs.fu-berlin.de\/bibliotheken\/wp-json\/wp\/v2\/users\/293"}],"replies":[{"embeddable":true,"href":"https:\/\/blogs.fu-berlin.de\/bibliotheken\/wp-json\/wp\/v2\/comments?post=12822"}],"version-history":[{"count":5,"href":"https:\/\/blogs.fu-berlin.de\/bibliotheken\/wp-json\/wp\/v2\/posts\/12822\/revisions"}],"predecessor-version":[{"id":12866,"href":"https:\/\/blogs.fu-berlin.de\/bibliotheken\/wp-json\/wp\/v2\/posts\/12822\/revisions\/12866"}],"wp:attachment":[{"href":"https:\/\/blogs.fu-berlin.de\/bibliotheken\/wp-json\/wp\/v2\/media?parent=12822"}],"wp:term":[{"taxonomy":"category","embeddable":true,"href":"https:\/\/blogs.fu-berlin.de\/bibliotheken\/wp-json\/wp\/v2\/categories?post=12822"},{"taxonomy":"post_tag","embeddable":true,"href":"https:\/\/blogs.fu-berlin.de\/bibliotheken\/wp-json\/wp\/v2\/tags?post=12822"}],"curies":[{"name":"wp","href":"https:\/\/api.w.org\/{rel}","templated":true}]}}