{"id":12846,"date":"2012-10-26T17:56:01","date_gmt":"2012-10-26T16:56:01","guid":{"rendered":"https:\/\/blogs.fu-berlin.de\/bibliotheken\/?p=12846"},"modified":"2012-10-29T10:19:20","modified_gmt":"2012-10-29T09:19:20","slug":"wissenschaftsbucher-des-jahres-in-osterreich-gesucht","status":"publish","type":"post","link":"https:\/\/blogs.fu-berlin.de\/bibliotheken\/2012\/10\/26\/wissenschaftsbucher-des-jahres-in-osterreich-gesucht\/","title":{"rendered":"Wissenschaftsb\u00fccher des Jahres in \u00d6sterreich gesucht"},"content":{"rendered":"<p>Seit gestern sucht die Alpenrepublik wieder nach den <a href=\"https:\/\/www.wissenschaftsbuch.at\/\">besten Wissenschaftsb\u00fcchern des Jahres<\/a>. 2008 vom Wissenschaftsministerium gemeinsam mit dem \u00f6sterreichischen Buchhandel und dem Verlag Buchkultur initiiert, k\u00fcrt der Wettbewerb die besten Sachb\u00fccher aus den Kategorien \u201eNaturwissenschaft\/Technik\u201c, \u201eMedizin\/Biologie\u201c, \u201eGeistes-\/Sozial-\/Kulturwissenschaften\u201c sowie \u201eJunior-Wissensb\u00fccher\u201c. Nicht nur die Werke deutschsprachiger Autoren sind willkommen, sondern auch \u00dcbersetzungen aus anderen Sprachen. Die Vorauswahl zur sogenannten Shortlist (5-6 Titel pro Kategorie) t\u00e4tigte eine Expertenjury. Die Preistr\u00e4ger d\u00fcrfen aber in einer Publikumsabstimmung ermittelt werden. Dies kann u. a. online geschehen; anscheinend sind wir \u201ePiefkes\u201c nicht ausgenommen ;-).<\/p>\n<p><a href=\"https:\/\/aleph-www.ub.fu-berlin.de\/F\/?func=item-global&amp;amp;doc_library=FUB01&amp;amp;doc_number=004511064&amp;amp;year=&amp;amp;volume=&amp;amp;sub_library=UB\"><img loading=\"lazy\" decoding=\"async\" class=\"alignright size-full wp-image-12869\" src=\"https:\/\/blogs.fu-berlin.de\/bibliotheken\/files\/2012\/10\/sobel.jpg\" alt=\"\" width=\"170\" height=\"261\" align=\"right\" \/><\/a>Auf der Shortlist befinden sich auch einige Titel, die an den Bibliotheken der FU bzw. der Charit\u00e9 vorr\u00e4tig sind. So erz\u00e4hlt Bestsellerautorin Dava Sobel in <em>Und die Sonne stand still<\/em> von der Kopernikanischen Revolution, die in die Geschichte der Astronomie von Aristoteles bis zum Mittelalter eingebettet wird (<a href=\"https:\/\/aleph-www.ub.fu-berlin.de\/F\/?func=item-global&amp;doc_library=FUB01&amp;doc_number=004511064&amp;year=&amp;volume=&amp;sub_library=UB\">Universit\u00e4tsbibliothek<\/a>). Siddhartha Mukherjee, Krebsforscher und Onkologe, stellt mit <em>Der K\u00f6nig aller Krankheiten: Krebs<\/em> eine bereits viel gelobte Kulturgeschichte \u00fcber die Krankheit vor (<a href=\"https:\/\/aleph-www.ub.fu-berlin.de\/F\/?func=item-global&amp;doc_library=FUB01&amp;doc_number=004448426&amp;year=&amp;volume=&amp;sub_library=\">Charit\u00e9 ZHGB Gesch. d. Medizin<\/a>). Widerspr\u00fcche und Kontroversen decken Abhijit V. Banerjee und Esther Duflo in <em>Poor Economics<\/em> auf \u2013 sie reisten in arme L\u00e4nder und untersuchten mit Zufallsexperimenten und Kontrollgruppen was gegen Hunger, Armut und Misswirtschaft wirklich helfen k\u00f6nnte (englischsprachige Originalausg. bei den <a href=\"https:\/\/aleph-www.ub.fu-berlin.de\/F\/?func=item-global&amp;doc_library=FUB01&amp;doc_number=004357483&amp;year=&amp;volume=&amp;sub_library=820\">Wirtschaftswissenschaften<\/a>). Bereits mit dem Pulitzerpreis und National Book Award ausgezeichnet wurde <em>Die Wende: wie die Renaissance begann<\/em> vom Bestsellerautor Stephen Greenblatt \u2013 er folgt Lukrez\u2019 antikem Meisterwerk <em>De rerum natura<\/em>, dessen einziges Exemplar in einem deutschen Kloster gefunden und die Welt ersch\u00fcttern wird (<a href=\"https:\/\/aleph-www.ub.fu-berlin.de\/F\/?func=item-global&amp;doc_library=FUB01&amp;doc_number=004450146&amp;year=&amp;volume=&amp;sub_library=\">Theaterwissenschaft<\/a>, englischsprachige Originalausg. u. a. in der <a href=\"https:\/\/aleph-www.ub.fu-berlin.de\/F\/?func=item-global&amp;doc_library=FUB01&amp;doc_number=004383926&amp;year=&amp;volume=&amp;sub_library=\">UB vormerkbar<\/a>). Ebenfalls bereits mehrfach preisgekr\u00f6nt wurde David van Reybrouck <em>Kongo<\/em>, das von der kolonialen Gewaltherrschaft bis in die Gegenwart aus der Perspektive der notleidenden Bev\u00f6lkerung berichtet (<a href=\"https:\/\/aleph-www.ub.fu-berlin.de\/F\/?func=item-global&amp;doc_library=FUB01&amp;doc_number=004506401&amp;year=&amp;volume=&amp;sub_library=\">Kunstgeschichte &#8211; KHI<\/a>, englischsprachige Originalausg. u. a. in der <a href=\"https:\/\/aleph-www.ub.fu-berlin.de\/F\/?func=item-global&amp;doc_library=FUB01&amp;doc_number=003894123&amp;year=&amp;volume=&amp;sub_library=\">UB vormerkbar<\/a>).<\/p>\n<p>Noch in Erwerbung bei der <a href=\"https:\/\/aleph-www.ub.fu-berlin.de\/F\/?func=item-global&amp;doc_library=FUB01&amp;doc_number=004521170&amp;year=&amp;volume=&amp;sub_library=UB\">UB<\/a> aber schon griffbereit an der Charit\u00e9 (<a href=\"https:\/\/aleph-www.ub.fu-berlin.de\/F\/?func=item-global&amp;doc_library=FUB01&amp;doc_number=004521170&amp;year=&amp;volume=&amp;sub_library=876\">Charit\u00e9 ZHGB Gesch.d. Medizin<\/a>) befindet sich Eric Kandels <em>Das Zeitalter der Erkenntnis<\/em>, das den Leser ins Wien Sigmund Freuds, Gustav Klimts und Arthur Schnitzlers entf\u00fchrt. Ebenfalls noch in Erwerbung befindet sich die englische Originalausgabe von Richard Sennetts <em>Zusammenarbeit<\/em>, eine Analyse der modernen Arbeits- und Lebenswelt (<a href=\"https:\/\/aleph-www.ub.fu-berlin.de\/F\/?func=item-global&amp;doc_library=FUB01&amp;doc_number=004481050&amp;year=&amp;volume=&amp;sub_library=UB\">Universit\u00e4tsbibliothek<\/a>).<\/p>\n<p>Abgestimmt werden darf bis zum 7. <span style=\"text-decoration: line-through\">J\u00e4nner<\/span> Januar 2013.<\/p>\n","protected":false},"excerpt":{"rendered":"<p>Seit gestern sucht die Alpenrepublik wieder nach den besten Wissenschaftsb\u00fcchern des Jahres. 2008 vom Wissenschaftsministerium gemeinsam mit dem \u00f6sterreichischen Buchhandel und dem Verlag Buchkultur initiiert, k\u00fcrt der Wettbewerb die besten Sachb\u00fccher aus den Kategorien \u201eNaturwissenschaft\/Technik\u201c, \u201eMedizin\/Biologie\u201c, \u201eGeistes-\/Sozial-\/Kulturwissenschaften\u201c sowie \u201eJunior-Wissensb\u00fccher\u201c. Nicht nur die Werke deutschsprachiger Autoren sind willkommen, sondern auch \u00dcbersetzungen aus anderen Sprachen. Die Vorauswahl &hellip; <a href=\"https:\/\/blogs.fu-berlin.de\/bibliotheken\/2012\/10\/26\/wissenschaftsbucher-des-jahres-in-osterreich-gesucht\/\" class=\"more-link\"><span class=\"screen-reader-text\">\u201eWissenschaftsb\u00fccher des Jahres in \u00d6sterreich gesucht\u201c<\/span> weiterlesen<\/a><\/p>\n","protected":false},"author":293,"featured_media":0,"comment_status":"open","ping_status":"open","sticky":false,"template":"","format":"standard","meta":{"footnotes":""},"categories":[604,492],"tags":[917,2599],"class_list":["post-12846","post","type-post","status-publish","format-standard","hentry","category-ins-netz-geschaut","category-literaturtipps","tag-osterreich","tag-wissenschaftsbuch-des-jahres"],"_links":{"self":[{"href":"https:\/\/blogs.fu-berlin.de\/bibliotheken\/wp-json\/wp\/v2\/posts\/12846","targetHints":{"allow":["GET"]}}],"collection":[{"href":"https:\/\/blogs.fu-berlin.de\/bibliotheken\/wp-json\/wp\/v2\/posts"}],"about":[{"href":"https:\/\/blogs.fu-berlin.de\/bibliotheken\/wp-json\/wp\/v2\/types\/post"}],"author":[{"embeddable":true,"href":"https:\/\/blogs.fu-berlin.de\/bibliotheken\/wp-json\/wp\/v2\/users\/293"}],"replies":[{"embeddable":true,"href":"https:\/\/blogs.fu-berlin.de\/bibliotheken\/wp-json\/wp\/v2\/comments?post=12846"}],"version-history":[{"count":12,"href":"https:\/\/blogs.fu-berlin.de\/bibliotheken\/wp-json\/wp\/v2\/posts\/12846\/revisions"}],"predecessor-version":[{"id":12871,"href":"https:\/\/blogs.fu-berlin.de\/bibliotheken\/wp-json\/wp\/v2\/posts\/12846\/revisions\/12871"}],"wp:attachment":[{"href":"https:\/\/blogs.fu-berlin.de\/bibliotheken\/wp-json\/wp\/v2\/media?parent=12846"}],"wp:term":[{"taxonomy":"category","embeddable":true,"href":"https:\/\/blogs.fu-berlin.de\/bibliotheken\/wp-json\/wp\/v2\/categories?post=12846"},{"taxonomy":"post_tag","embeddable":true,"href":"https:\/\/blogs.fu-berlin.de\/bibliotheken\/wp-json\/wp\/v2\/tags?post=12846"}],"curies":[{"name":"wp","href":"https:\/\/api.w.org\/{rel}","templated":true}]}}