{"id":12924,"date":"2012-11-02T10:36:32","date_gmt":"2012-11-02T09:36:32","guid":{"rendered":"https:\/\/blogs.fu-berlin.de\/bibliotheken\/?p=12924"},"modified":"2012-11-02T11:01:50","modified_gmt":"2012-11-02T10:01:50","slug":"renovierungsarbeiten-im-ub-magazinturm-bis-16-11","status":"publish","type":"post","link":"https:\/\/blogs.fu-berlin.de\/bibliotheken\/2012\/11\/02\/renovierungsarbeiten-im-ub-magazinturm-bis-16-11\/","title":{"rendered":"Renovierungsarbeiten im UB-Magazinturm bis 16.11."},"content":{"rendered":"<p><a href=\"https:\/\/www.ub.fu-berlin.de\/bibliothek\/zfm\/\"><img loading=\"lazy\" decoding=\"async\" class=\"   alignright\" style=\"margin-left: 10px;margin-right: 10px\" src=\"https:\/\/www.ub.fu-berlin.de\/image\/neue_homepage\/zfm.jpg\" alt=\"\" width=\"200\" height=\"150\" align=\"right\" \/><\/a>Wegen Renovierungsarbeiten im 3. Stock des Magazinturms der Universit\u00e4tsbibliothek sind das <a href=\"https:\/\/www.ub.fu-berlin.de\/bibliothek\/zfm\/index.html\">Zeitschriftenfreihandmagazin (ZFM)<\/a> sowie die dort aufgestellten Kopierger\u00e4te voraussichtlich <strong>bis zum 16. November 2012<\/strong> nur eingeschr\u00e4nkt zug\u00e4nglich. Zu in diesem Stockwerk neu geschaffenen Nutzerarbeitspl\u00e4tzen darf nat\u00fcrlich auch das entsprechende Ambiente drumherum nicht fehlen, deshalb die Renovierung.<\/p>\n<p>In diesem Zeitraum bietet es sich an, die im ZFM aufgestellten gebundenen Zeitschriften online \u00fcber den <a href=\"https:\/\/opac.fu-berlin.de\">FU-Katalog<\/a> bzw. das <a href=\"https:\/\/primo.fu-berlin.de\">Bibliotheksportal | Primo<\/a> zu bestellen. Bestellungen bis 17 Uhr werden noch am selben Tag bereitgestellt (Bereitstellungsdauer: ca. 60 min).<\/p>\n<p>Zum Kopieren sollten vorzugsweise die Ger\u00e4te im <a href=\"https:\/\/www.ub.fu-berlin.de\/bibliothek\/ls\/\">Lesesaalbereich<\/a> (2. Stock) oder &#8211; soweit m\u00f6glich &#8211; in der <a href=\"https:\/\/www.ub.fu-berlin.de\/bibliothek\/lbs\/\">Lehrbuchsammlung<\/a> (1. Stock) genutzt werden. Die im 3. Stock befindliche Sondersammlung <a href=\"https:\/\/blogs.fu-berlin.de\/bibliotheken\/2012\/06\/01\/judisch-christlicher-sonderbestand-in-die-ub-umgezogen\/\">Bibliothek Ehrlich<\/a> ist w\u00e4hrend der Renovierungsarbeiten leider nicht zug\u00e4nglich. F\u00fcr etwaige Unannehmlichkeiten bitten wir um Entschuldigung!<\/p>\n","protected":false},"excerpt":{"rendered":"<p>Wegen Renovierungsarbeiten im 3. Stock des Magazinturms der Universit\u00e4tsbibliothek sind das Zeitschriftenfreihandmagazin (ZFM) sowie die dort aufgestellten Kopierger\u00e4te voraussichtlich bis zum 16. November 2012 nur eingeschr\u00e4nkt zug\u00e4nglich. Zu in diesem Stockwerk neu geschaffenen Nutzerarbeitspl\u00e4tzen darf nat\u00fcrlich auch das entsprechende Ambiente drumherum nicht fehlen, deshalb die Renovierung. In diesem Zeitraum bietet es sich an, die im &hellip; <a href=\"https:\/\/blogs.fu-berlin.de\/bibliotheken\/2012\/11\/02\/renovierungsarbeiten-im-ub-magazinturm-bis-16-11\/\" class=\"more-link\"><span class=\"screen-reader-text\">\u201eRenovierungsarbeiten im UB-Magazinturm bis 16.11.\u201c<\/span> weiterlesen<\/a><\/p>\n","protected":false},"author":293,"featured_media":0,"comment_status":"open","ping_status":"open","sticky":false,"template":"","format":"standard","meta":{"footnotes":""},"categories":[9,601],"tags":[1943,10039,57467,2370],"class_list":["post-12924","post","type-post","status-publish","format-standard","hentry","category-allgemein","category-universitatsbibliothek","tag-renovierung","tag-sammlung-ehrlich","tag-universitatsbibliothek","tag-zfm"],"_links":{"self":[{"href":"https:\/\/blogs.fu-berlin.de\/bibliotheken\/wp-json\/wp\/v2\/posts\/12924","targetHints":{"allow":["GET"]}}],"collection":[{"href":"https:\/\/blogs.fu-berlin.de\/bibliotheken\/wp-json\/wp\/v2\/posts"}],"about":[{"href":"https:\/\/blogs.fu-berlin.de\/bibliotheken\/wp-json\/wp\/v2\/types\/post"}],"author":[{"embeddable":true,"href":"https:\/\/blogs.fu-berlin.de\/bibliotheken\/wp-json\/wp\/v2\/users\/293"}],"replies":[{"embeddable":true,"href":"https:\/\/blogs.fu-berlin.de\/bibliotheken\/wp-json\/wp\/v2\/comments?post=12924"}],"version-history":[{"count":17,"href":"https:\/\/blogs.fu-berlin.de\/bibliotheken\/wp-json\/wp\/v2\/posts\/12924\/revisions"}],"predecessor-version":[{"id":12940,"href":"https:\/\/blogs.fu-berlin.de\/bibliotheken\/wp-json\/wp\/v2\/posts\/12924\/revisions\/12940"}],"wp:attachment":[{"href":"https:\/\/blogs.fu-berlin.de\/bibliotheken\/wp-json\/wp\/v2\/media?parent=12924"}],"wp:term":[{"taxonomy":"category","embeddable":true,"href":"https:\/\/blogs.fu-berlin.de\/bibliotheken\/wp-json\/wp\/v2\/categories?post=12924"},{"taxonomy":"post_tag","embeddable":true,"href":"https:\/\/blogs.fu-berlin.de\/bibliotheken\/wp-json\/wp\/v2\/tags?post=12924"}],"curies":[{"name":"wp","href":"https:\/\/api.w.org\/{rel}","templated":true}]}}