{"id":13137,"date":"2012-11-22T13:25:11","date_gmt":"2012-11-22T12:25:11","guid":{"rendered":"https:\/\/blogs.fu-berlin.de\/bibliotheken\/?p=13137"},"modified":"2012-11-22T14:51:26","modified_gmt":"2012-11-22T13:51:26","slug":"bibliotheksnotizen-aus-danemark","status":"publish","type":"post","link":"https:\/\/blogs.fu-berlin.de\/bibliotheken\/2012\/11\/22\/bibliotheksnotizen-aus-danemark\/","title":{"rendered":"Bibliotheksnotizen aus D\u00e4nemark"},"content":{"rendered":"<p>Ab heute Abend l\u00e4uft bei Arte die zweite Staffel der d\u00e4nischen Fernsehserie <em>Borgen<\/em> an, die in Deutschland den aufmerksamkeitsheischenden Titel <em>Gef\u00e4hrliche Seilschaften<\/em> bekommen hat. Im Mittelpunkt der hochgelobte Serie steht die erste weibliche Premierministerin D\u00e4nemarks (gespielt von Sidse Babett Knudsen), die sich politischer Intrigen und R\u00e4nkespiele im Regierungssitz Schloss Christiansborg (Spitzname \u201eBorgen\u201c) erwehren muss.<\/p>\n<p><a href=\"https:\/\/da.wikipedia.org\/wiki\/Fil:Koebenhavns_Hovedbibliotek_midterparti.JPG\"><img loading=\"lazy\" decoding=\"async\" class=\"alignright size-full wp-image-13140\" style=\"border: 1px solid black;margin: 10px\" src=\"https:\/\/blogs.fu-berlin.de\/bibliotheken\/files\/2012\/11\/Koebenhavns_Hovedbibliotek.jpg\" alt=\"\" width=\"150\" height=\"200\" align=\"right\" \/><\/a>Ebenfalls Raum gegeben wird dem Einfluss der Presse, stellvertretend durch die junge, ehrgeizige (und attraktive) Journalistin Katrine F\u00f8nsmark. Die Figur wird von der d\u00e4nische Schauspielerin Birgitte Hjort S\u00f8rensen verk\u00f6rpert, die sich in einem <a href=\"https:\/\/politiken.dk\/ibyen\/nyheder\/gadeplan\/ECE1099999\/borgen-skuespillers-hemmelige-sted-er-en-klub-for-alle\/\">2010 erschienen Artikel<\/a> der <em>Politiken<\/em>-Serie <em>Mit hemmelige sted<\/em> (dt.: \u201eMein geheimer Platz\u201c) als besonders bibliophil und bibliotheksliebend pr\u00e4sentierte. \u201eWenn ich Zeit h\u00e4tte, k\u00f6nnte ich wirklich nur in der Bibliothek in Krystalgade sitzen und den ganzen Tag B\u00fccher lesen.\u201c, so Hjort S\u00f8rensen \u00fcber ihren \u201egeheimen Platz\u201c \u2013 die \u00f6ffentliche Zentralbibliothek in Kopenhagen (<a href=\"https:\/\/bibliotek.kk.dk\/biblioteker\/hovedbiblioteket\">K\u00f8benhavns Hovedbibliotek<\/a>). \u201eDort gibt es Ruhe und Anonymit\u00e4t und es ist wie eine Art Klub, in dem jeder einbezogen ist. Du bist dort um zu Lesen, nichts weiter. Es [das Lesen] kann erm\u00f6glichen, zu verschwinden. Hineingezogen in v\u00f6llig verschiedene Welten und Figuren, was ich getan habe seit ich klein war.\u201c Noch heute bereitet sich Hjort S\u00f8rensen eigenen Angaben zufolge mit passender Fachliteratur auf ihre Rollen vor. Ihr Rekord von elf gelesenen B\u00fcchern innerhalb von neun Tagen stammt allerdings noch aus ihrer Kindheit, als sie elf Jahre alt war.<\/p>\n<p>Ebenfalls positives zu berichten gibt es von der D\u00e4nischen K\u00f6niglichen Bibliothek in Kopenhagen (<a href=\"https:\/\/www.kb.dk\/da\/index.html\">Det Kongelige Bibliotek<\/a>). Bis voraussichtlich 2014 bietet die National- und Universit\u00e4tsbibliothek einen <a href=\"https:\/\/www.kb.dk\/en\/nb\/samling\/dod\/index.html\">kostenfreien Reproservice<\/a> f\u00fcr d\u00e4nische B\u00fccher an, die im Zeitraum von 1701 bis 1900 erschienen sind. Mit wenigen Klicks kann man sein E-Book-Exemplar ohne Selbstkosten bestellen, das dann f\u00fcr alle Benutzer im lokalen Bibliothekskatalog hinterlegt wird. Werke von Hans Christian Andersen oder S\u00f8ren Kierkegaard w\u00e4ren denkbar. An einem \u00e4hnlichen Service f\u00fcr Titel ab 1901 ff. wird aktuell gearbeitet.<\/p>\n<h6>Bild: Innenansicht von K\u00f8benhavns Hovedbibliotek, 2007 (<a href=\"https:\/\/commons.wikimedia.org\/wiki\/File:Koebenhavns_Hovedbibliotek_midterparti.JPG?uselang=de\">\u00a9 www.mysona.dk<\/a>, Lizenz: CC-BY-SA-3.0)<\/h6>\n","protected":false},"excerpt":{"rendered":"<p>Ab heute Abend l\u00e4uft bei Arte die zweite Staffel der d\u00e4nischen Fernsehserie Borgen an, die in Deutschland den aufmerksamkeitsheischenden Titel Gef\u00e4hrliche Seilschaften bekommen hat. Im Mittelpunkt der hochgelobte Serie steht die erste weibliche Premierministerin D\u00e4nemarks (gespielt von Sidse Babett Knudsen), die sich politischer Intrigen und R\u00e4nkespiele im Regierungssitz Schloss Christiansborg (Spitzname \u201eBorgen\u201c) erwehren muss. Ebenfalls &hellip; <a href=\"https:\/\/blogs.fu-berlin.de\/bibliotheken\/2012\/11\/22\/bibliotheksnotizen-aus-danemark\/\" class=\"more-link\"><span class=\"screen-reader-text\">\u201eBibliotheksnotizen aus D\u00e4nemark\u201c<\/span> weiterlesen<\/a><\/p>\n","protected":false},"author":293,"featured_media":0,"comment_status":"open","ping_status":"open","sticky":false,"template":"","format":"standard","meta":{"footnotes":""},"categories":[599,604],"tags":[10072,10070,10074,10076,10071,10077,10075,10073],"class_list":["post-13137","post","type-post","status-publish","format-standard","hentry","category-bibliothekswesen","category-ins-netz-geschaut","tag-birgitte-hjort-sorensen","tag-borgen","tag-danische-literatur","tag-det-kongelige-bibliotek","tag-gefahrliche-seilschaften","tag-kopenhagen","tag-kobenhavns-hovedbibliotek","tag-reproservice"],"_links":{"self":[{"href":"https:\/\/blogs.fu-berlin.de\/bibliotheken\/wp-json\/wp\/v2\/posts\/13137","targetHints":{"allow":["GET"]}}],"collection":[{"href":"https:\/\/blogs.fu-berlin.de\/bibliotheken\/wp-json\/wp\/v2\/posts"}],"about":[{"href":"https:\/\/blogs.fu-berlin.de\/bibliotheken\/wp-json\/wp\/v2\/types\/post"}],"author":[{"embeddable":true,"href":"https:\/\/blogs.fu-berlin.de\/bibliotheken\/wp-json\/wp\/v2\/users\/293"}],"replies":[{"embeddable":true,"href":"https:\/\/blogs.fu-berlin.de\/bibliotheken\/wp-json\/wp\/v2\/comments?post=13137"}],"version-history":[{"count":14,"href":"https:\/\/blogs.fu-berlin.de\/bibliotheken\/wp-json\/wp\/v2\/posts\/13137\/revisions"}],"predecessor-version":[{"id":13153,"href":"https:\/\/blogs.fu-berlin.de\/bibliotheken\/wp-json\/wp\/v2\/posts\/13137\/revisions\/13153"}],"wp:attachment":[{"href":"https:\/\/blogs.fu-berlin.de\/bibliotheken\/wp-json\/wp\/v2\/media?parent=13137"}],"wp:term":[{"taxonomy":"category","embeddable":true,"href":"https:\/\/blogs.fu-berlin.de\/bibliotheken\/wp-json\/wp\/v2\/categories?post=13137"},{"taxonomy":"post_tag","embeddable":true,"href":"https:\/\/blogs.fu-berlin.de\/bibliotheken\/wp-json\/wp\/v2\/tags?post=13137"}],"curies":[{"name":"wp","href":"https:\/\/api.w.org\/{rel}","templated":true}]}}