{"id":13155,"date":"2012-11-23T15:02:18","date_gmt":"2012-11-23T14:02:18","guid":{"rendered":"https:\/\/blogs.fu-berlin.de\/bibliotheken\/?p=13155"},"modified":"2012-11-23T15:11:16","modified_gmt":"2012-11-23T14:11:16","slug":"deutsche-digitale-bibliothek-startet-ende-november","status":"publish","type":"post","link":"https:\/\/blogs.fu-berlin.de\/bibliotheken\/2012\/11\/23\/deutsche-digitale-bibliothek-startet-ende-november\/","title":{"rendered":"Deutsche Digitale Bibliothek startet Ende November"},"content":{"rendered":"<p><a href=\"https:\/\/blogs.fu-berlin.de\/bibliotheken\/2012\/04\/27\/kleine-vorschau-auf-die-deutsche-digitale-bibliothek\/ddb\/\" rel=\"attachment wp-att-11206\"><img loading=\"lazy\" decoding=\"async\" src=\"https:\/\/blogs.fu-berlin.de\/bibliotheken\/files\/2012\/04\/ddb.gif\" alt=\"\" width=\"200\" height=\"78\" align=\"right\" \/><\/a>Seit 2007 wird an der Deutschen Digitalen Bibliothek (DDB) gearbeitet. Als zentrales nationales Portal soll sie die digitalen Angebote von ca. 30.000 Kultur- und Wissenschaftseinrichtungen miteinander vernetzen und in die europ\u00e4ische Digitale Bibliothek <a href=\"https:\/\/vs13.kobv.de\/V\/portal=FUBERLIN&amp;institute=FUBERLIN&amp;?func=find-db-1-title&amp;mode=titles&amp;azlist=N&amp;scan_utf=&amp;scan_start=europeana&amp;search_type=contains&amp;restricted=all\">Europeana<\/a> integrieren.<\/p>\n<p>Urspr\u00fcnglich war die Freischaltung der Beta-Version bereits f\u00fcr Mitte dieses Jahres angek\u00fcndigt worden. Nun steht der <a href=\"https:\/\/www.deutsche-digitale-bibliothek.de\/\">endg\u00fcltige Starttermin fest<\/a> \u2013 am Mittwoch, den 28. November 2012 ab 11 Uhr wird im Rahmen einer Pressekonferenz im Alten Museum Berlin die Webseite offiziell gestartet und vorgestellt. Neben den Recherche-M\u00f6glichkeiten soll auch \u00fcber geplante Erweiterungen der Datenbank ab 2013 informiert werden. F\u00fcr die Veranstaltung wird ein eigener Internet-Livestream unter <a href=\"https:\/\/livestream.deutsche-digitale-bibliothek.de\/\">livestream.deutsche-digitale-bibliothek.de<\/a> eingerichtet.<\/p>\n<p>Neugierde und hohe Erwartungen sind an die Online-Plattform gekn\u00fcpft, die als kulturelles Ged\u00e4chtnis der deutschen Nation fungieren soll. Eine kleine Vorschau auf das Beta-Interface boten zuletzt im Mai 2012 auf dem Deutschen Bibliothekartag die Pr\u00e4sentationsfolien von Fedor Bochow (<a href=\"https:\/\/www.deutsche-digitale-bibliothek.de\/doc\/2012-05-23-bochow.pdf\"><em>Digitales Schaufenster \u2013 das Webportal der Deutschen Digitalen Bibliothek<\/em><\/a>, ab S. 17 ff.). Wird uns das dezente Layout mit abstrahierter weinroter Pusteblume Mitte n\u00e4chster Woche wiederbegegnen? Auch die Frage des Namens ist noch nicht gel\u00fcftet. Wie oder nach wem soll das Portal benannt werden? Bei \u201eDeutsche Digitale Bibliothek\u201c handelt es sich eigentlich um einen vorl\u00e4ufigen Arbeitstitel, wie in der Vergangenheit <a href=\"https:\/\/www.goethe.de\/wis\/bib\/dib\/de8817019.htm\">bekr\u00e4ftigt wurde<\/a>.<\/p>\n<h6>Gesehen bei <a href=\"https:\/\/archiv.twoday.net\/stories\/219024317\/\">Archivalia<\/a><\/h6>\n","protected":false},"excerpt":{"rendered":"<p>Seit 2007 wird an der Deutschen Digitalen Bibliothek (DDB) gearbeitet. Als zentrales nationales Portal soll sie die digitalen Angebote von ca. 30.000 Kultur- und Wissenschaftseinrichtungen miteinander vernetzen und in die europ\u00e4ische Digitale Bibliothek Europeana integrieren. Urspr\u00fcnglich war die Freischaltung der Beta-Version bereits f\u00fcr Mitte dieses Jahres angek\u00fcndigt worden. Nun steht der endg\u00fcltige Starttermin fest \u2013 &hellip; <a href=\"https:\/\/blogs.fu-berlin.de\/bibliotheken\/2012\/11\/23\/deutsche-digitale-bibliothek-startet-ende-november\/\" class=\"more-link\"><span class=\"screen-reader-text\">\u201eDeutsche Digitale Bibliothek startet Ende November\u201c<\/span> weiterlesen<\/a><\/p>\n","protected":false},"author":293,"featured_media":0,"comment_status":"open","ping_status":"open","sticky":false,"template":"","format":"standard","meta":{"footnotes":""},"categories":[9,604],"tags":[1368,10078],"class_list":["post-13155","post","type-post","status-publish","format-standard","hentry","category-allgemein","category-ins-netz-geschaut","tag-deutsche-digitale-bibliothek","tag-freischaltung"],"_links":{"self":[{"href":"https:\/\/blogs.fu-berlin.de\/bibliotheken\/wp-json\/wp\/v2\/posts\/13155","targetHints":{"allow":["GET"]}}],"collection":[{"href":"https:\/\/blogs.fu-berlin.de\/bibliotheken\/wp-json\/wp\/v2\/posts"}],"about":[{"href":"https:\/\/blogs.fu-berlin.de\/bibliotheken\/wp-json\/wp\/v2\/types\/post"}],"author":[{"embeddable":true,"href":"https:\/\/blogs.fu-berlin.de\/bibliotheken\/wp-json\/wp\/v2\/users\/293"}],"replies":[{"embeddable":true,"href":"https:\/\/blogs.fu-berlin.de\/bibliotheken\/wp-json\/wp\/v2\/comments?post=13155"}],"version-history":[{"count":14,"href":"https:\/\/blogs.fu-berlin.de\/bibliotheken\/wp-json\/wp\/v2\/posts\/13155\/revisions"}],"predecessor-version":[{"id":13169,"href":"https:\/\/blogs.fu-berlin.de\/bibliotheken\/wp-json\/wp\/v2\/posts\/13155\/revisions\/13169"}],"wp:attachment":[{"href":"https:\/\/blogs.fu-berlin.de\/bibliotheken\/wp-json\/wp\/v2\/media?parent=13155"}],"wp:term":[{"taxonomy":"category","embeddable":true,"href":"https:\/\/blogs.fu-berlin.de\/bibliotheken\/wp-json\/wp\/v2\/categories?post=13155"},{"taxonomy":"post_tag","embeddable":true,"href":"https:\/\/blogs.fu-berlin.de\/bibliotheken\/wp-json\/wp\/v2\/tags?post=13155"}],"curies":[{"name":"wp","href":"https:\/\/api.w.org\/{rel}","templated":true}]}}