{"id":13239,"date":"2013-01-11T10:49:32","date_gmt":"2013-01-11T09:49:32","guid":{"rendered":"https:\/\/blogs.fu-berlin.de\/bibliotheken\/?p=13239"},"modified":"2013-01-11T17:03:45","modified_gmt":"2013-01-11T16:03:45","slug":"neues-leseplatze-mit-aussicht-in-der-universitatsbibliothek","status":"publish","type":"post","link":"https:\/\/blogs.fu-berlin.de\/bibliotheken\/2013\/01\/11\/neues-leseplatze-mit-aussicht-in-der-universitatsbibliothek\/","title":{"rendered":"Neues Lesepl\u00e4tze mit Aussicht in der Universit\u00e4tsbibliothek"},"content":{"rendered":"<p>Wie bereits vor einiger Zeit in biblioblog berichtet, wurde im Zeitschriftenfreihandmagazin ordentlich auf- und umger\u00e4umt.<\/p>\n<p><a href=\"https:\/\/www.ub.fu-berlin.de\/bibliothek\/ls\/\"><img loading=\"lazy\" decoding=\"async\" class=\"alignnone size-full wp-image-13316\" style=\"border: 1px solid black\" src=\"https:\/\/blogs.fu-berlin.de\/bibliotheken\/files\/2013\/01\/zfm1.jpg\" alt=\"\" width=\"300\" height=\"225\" align=\"right\" \/><\/a>Auf dem dadurch gewonnenen Platz hat die <a href=\"https:\/\/blogs.fu-berlin.de\/bibliotheken\/2012\/06\/01\/judisch-christlicher-sonderbestand-in-die-ub-umgezogen\/\">Privatbibliothek des Religionswissenschaftlers Ernst Ludwig Ehrlich<\/a> vor\u00fcbergehend Platz gefunden. Bis zur Fertigstellung des <a href=\"https:\/\/www.ub.fu-berlin.de\/projekt24in1\/\">Bibliotheksneubaus (Projekt 24in1)<\/a> wird sie in der Universit\u00e4tsbibliothek bleiben und kann vor Ort genutzt werden.<\/p>\n<p>Fachlich dazu passend wurden jetzt die Lesesaalbest\u00e4nde zur Religionswissenschaft ebenfalls in das Zeitschriftenfreihandmagazin gestellt.<br \/>\nDamit ist ein eigener religionswissenschaftlicher Fach-Lesesaal entstanden.<\/p>\n<p>Gleichzeitig hat die Universit\u00e4tsbibliothek neue Arbeitspl\u00e4tze an der renovierten Fassade im Magazinturm eingerichtet &#8211; inkl. eines Blickes in die (meist) gr\u00fcne Natur. Mehrere neu angeschaffte Sofas bieten zus\u00e4tzlich bequeme Sitzm\u00f6glichkeiten zum Lesen und Relaxen. Die Arbeitspl\u00e4tze erreicht man vom Lesesaal aus, durch den Eingang neben der Lesesaal-Auskunft.<\/p>\n","protected":false},"excerpt":{"rendered":"<p>Wie bereits vor einiger Zeit in biblioblog berichtet, wurde im Zeitschriftenfreihandmagazin ordentlich auf- und umger\u00e4umt. Auf dem dadurch gewonnenen Platz hat die Privatbibliothek des Religionswissenschaftlers Ernst Ludwig Ehrlich vor\u00fcbergehend Platz gefunden. Bis zur Fertigstellung des Bibliotheksneubaus (Projekt 24in1) wird sie in der Universit\u00e4tsbibliothek bleiben und kann vor Ort genutzt werden. Fachlich dazu passend wurden jetzt &hellip; <a href=\"https:\/\/blogs.fu-berlin.de\/bibliotheken\/2013\/01\/11\/neues-leseplatze-mit-aussicht-in-der-universitatsbibliothek\/\" class=\"more-link\"><span class=\"screen-reader-text\">\u201eNeues Lesepl\u00e4tze mit Aussicht in der Universit\u00e4tsbibliothek\u201c<\/span> weiterlesen<\/a><\/p>\n","protected":false},"author":265,"featured_media":0,"comment_status":"open","ping_status":"open","sticky":false,"template":"","format":"standard","meta":{"footnotes":""},"categories":[601],"tags":[728,1070,2370],"class_list":["post-13239","post","type-post","status-publish","format-standard","hentry","category-universitatsbibliothek","tag-lesesaal","tag-religionswissenschaft","tag-zfm"],"_links":{"self":[{"href":"https:\/\/blogs.fu-berlin.de\/bibliotheken\/wp-json\/wp\/v2\/posts\/13239","targetHints":{"allow":["GET"]}}],"collection":[{"href":"https:\/\/blogs.fu-berlin.de\/bibliotheken\/wp-json\/wp\/v2\/posts"}],"about":[{"href":"https:\/\/blogs.fu-berlin.de\/bibliotheken\/wp-json\/wp\/v2\/types\/post"}],"author":[{"embeddable":true,"href":"https:\/\/blogs.fu-berlin.de\/bibliotheken\/wp-json\/wp\/v2\/users\/265"}],"replies":[{"embeddable":true,"href":"https:\/\/blogs.fu-berlin.de\/bibliotheken\/wp-json\/wp\/v2\/comments?post=13239"}],"version-history":[{"count":14,"href":"https:\/\/blogs.fu-berlin.de\/bibliotheken\/wp-json\/wp\/v2\/posts\/13239\/revisions"}],"predecessor-version":[{"id":13319,"href":"https:\/\/blogs.fu-berlin.de\/bibliotheken\/wp-json\/wp\/v2\/posts\/13239\/revisions\/13319"}],"wp:attachment":[{"href":"https:\/\/blogs.fu-berlin.de\/bibliotheken\/wp-json\/wp\/v2\/media?parent=13239"}],"wp:term":[{"taxonomy":"category","embeddable":true,"href":"https:\/\/blogs.fu-berlin.de\/bibliotheken\/wp-json\/wp\/v2\/categories?post=13239"},{"taxonomy":"post_tag","embeddable":true,"href":"https:\/\/blogs.fu-berlin.de\/bibliotheken\/wp-json\/wp\/v2\/tags?post=13239"}],"curies":[{"name":"wp","href":"https:\/\/api.w.org\/{rel}","templated":true}]}}