{"id":13259,"date":"2012-12-13T16:36:19","date_gmt":"2012-12-13T15:36:19","guid":{"rendered":"https:\/\/blogs.fu-berlin.de\/bibliotheken\/?p=13259"},"modified":"2012-12-18T17:20:43","modified_gmt":"2012-12-18T16:20:43","slug":"ausleihe-wahrend-der-betriebsferien","status":"publish","type":"post","link":"https:\/\/blogs.fu-berlin.de\/bibliotheken\/2012\/12\/13\/ausleihe-wahrend-der-betriebsferien\/","title":{"rendered":"Ausleihe w\u00e4hrend der Betriebsferien"},"content":{"rendered":"<p>Das FU-eigene Online-Magazin <em>campus.leben<\/em> hat zu Anfang der Woche nochmal im Artikel\u00a0<em><a href=\"https:\/\/www.fu-berlin.de\/campusleben\/lernen-und-lehren\/2012\/121210_bibliotheken\/index.html\">Das A-Z der Ausleihe w\u00e4hrend der Betriebsferien<\/a><\/em> auf die Schlie\u00dfzeit der Bibliotheken w\u00e4hrend der Feiertage (22.12.12 &#8211; 06.01.13) hingewiesen. Ebenfalls enthalten ist eine Liste mit speziellen Ausleihregelungen f\u00fcr zahlreiche Fachbibliotheken.<\/p>\n","protected":false},"excerpt":{"rendered":"<p>Das FU-eigene Online-Magazin campus.leben hat zu Anfang der Woche nochmal im Artikel\u00a0Das A-Z der Ausleihe w\u00e4hrend der Betriebsferien auf die Schlie\u00dfzeit der Bibliotheken w\u00e4hrend der Feiertage (22.12.12 &#8211; 06.01.13) hingewiesen. Ebenfalls enthalten ist eine Liste mit speziellen Ausleihregelungen f\u00fcr zahlreiche Fachbibliotheken.<\/p>\n","protected":false},"author":293,"featured_media":0,"comment_status":"open","ping_status":"open","sticky":false,"template":"","format":"standard","meta":{"footnotes":""},"categories":[9,600],"tags":[10062,10085,10063],"class_list":["post-13259","post","type-post","status-publish","format-standard","hentry","category-allgemein","category-fachbibliotheken","tag-betriebsferien","tag-sonderausleihe","tag-weihnachtenneujahr-201213"],"_links":{"self":[{"href":"https:\/\/blogs.fu-berlin.de\/bibliotheken\/wp-json\/wp\/v2\/posts\/13259","targetHints":{"allow":["GET"]}}],"collection":[{"href":"https:\/\/blogs.fu-berlin.de\/bibliotheken\/wp-json\/wp\/v2\/posts"}],"about":[{"href":"https:\/\/blogs.fu-berlin.de\/bibliotheken\/wp-json\/wp\/v2\/types\/post"}],"author":[{"embeddable":true,"href":"https:\/\/blogs.fu-berlin.de\/bibliotheken\/wp-json\/wp\/v2\/users\/293"}],"replies":[{"embeddable":true,"href":"https:\/\/blogs.fu-berlin.de\/bibliotheken\/wp-json\/wp\/v2\/comments?post=13259"}],"version-history":[{"count":4,"href":"https:\/\/blogs.fu-berlin.de\/bibliotheken\/wp-json\/wp\/v2\/posts\/13259\/revisions"}],"predecessor-version":[{"id":13281,"href":"https:\/\/blogs.fu-berlin.de\/bibliotheken\/wp-json\/wp\/v2\/posts\/13259\/revisions\/13281"}],"wp:attachment":[{"href":"https:\/\/blogs.fu-berlin.de\/bibliotheken\/wp-json\/wp\/v2\/media?parent=13259"}],"wp:term":[{"taxonomy":"category","embeddable":true,"href":"https:\/\/blogs.fu-berlin.de\/bibliotheken\/wp-json\/wp\/v2\/categories?post=13259"},{"taxonomy":"post_tag","embeddable":true,"href":"https:\/\/blogs.fu-berlin.de\/bibliotheken\/wp-json\/wp\/v2\/tags?post=13259"}],"curies":[{"name":"wp","href":"https:\/\/api.w.org\/{rel}","templated":true}]}}