{"id":13308,"date":"2013-01-11T10:56:41","date_gmt":"2013-01-11T09:56:41","guid":{"rendered":"https:\/\/blogs.fu-berlin.de\/bibliotheken\/?p=13308"},"modified":"2013-01-11T10:56:41","modified_gmt":"2013-01-11T09:56:41","slug":"fotoausstellung-unsichtbare-opfer-in-der-universitatsbibliothek","status":"publish","type":"post","link":"https:\/\/blogs.fu-berlin.de\/bibliotheken\/2013\/01\/11\/fotoausstellung-unsichtbare-opfer-in-der-universitatsbibliothek\/","title":{"rendered":"Fotoausstellung &#8222;Unsichtbare Opfer&#8220; in der Universit\u00e4tsbibliothek"},"content":{"rendered":"<p>Vom 14. Januar bis zum 1. M\u00e4rz 2013 wird in der Universit\u00e4tsbibliothek die <a href=\"https:\/\/www.ub.fu-berlin.de\/service_neu\/ausstellung\/index.html\">Fotoausstellung &#8222;Unsichbare Opfer&#8220; &#8211; Migrantinnen und Migranten auf ihrem Weg durch Mexiko<\/a> gezeigt. Veranstalter ist die Gruppe 1581 von Amnesty International. <\/p>\n<p>Thematisiert wird das Schicksal von Migrantinnen und Migranten aus Zentral- und S&uuml;damerika, die sich aus wirtschaftlicher Not auf den langen, gefahrvollen Weg durch Mexiko nach Nordamerika machen.<\/p>\n<p>Am 15.01.2013 findet im Foyer der Universit&auml;tsbibliothek um 17 Uhr die Ausstellungser&ouml;ffnung statt, zu der Interessierte herzlich eingeladen sind.<\/p>\n","protected":false},"excerpt":{"rendered":"<p>Vom 14. Januar bis zum 1. M\u00e4rz 2013 wird in der Universit\u00e4tsbibliothek die Fotoausstellung &#8222;Unsichbare Opfer&#8220; &#8211; Migrantinnen und Migranten auf ihrem Weg durch Mexiko gezeigt. Veranstalter ist die Gruppe 1581 von Amnesty International. Thematisiert wird das Schicksal von Migrantinnen und Migranten aus Zentral- und S&uuml;damerika, die sich aus wirtschaftlicher Not auf den langen, gefahrvollen &hellip; <a href=\"https:\/\/blogs.fu-berlin.de\/bibliotheken\/2013\/01\/11\/fotoausstellung-unsichtbare-opfer-in-der-universitatsbibliothek\/\" class=\"more-link\"><span class=\"screen-reader-text\">\u201eFotoausstellung &#8222;Unsichtbare Opfer&#8220; in der Universit\u00e4tsbibliothek\u201c<\/span> weiterlesen<\/a><\/p>\n","protected":false},"author":265,"featured_media":0,"comment_status":"open","ping_status":"open","sticky":false,"template":"","format":"standard","meta":{"footnotes":""},"categories":[601,70],"tags":[10088],"class_list":["post-13308","post","type-post","status-publish","format-standard","hentry","category-universitatsbibliothek","category-veranstaltungen","tag-ausstellung-unsichtbare-opfer"],"_links":{"self":[{"href":"https:\/\/blogs.fu-berlin.de\/bibliotheken\/wp-json\/wp\/v2\/posts\/13308","targetHints":{"allow":["GET"]}}],"collection":[{"href":"https:\/\/blogs.fu-berlin.de\/bibliotheken\/wp-json\/wp\/v2\/posts"}],"about":[{"href":"https:\/\/blogs.fu-berlin.de\/bibliotheken\/wp-json\/wp\/v2\/types\/post"}],"author":[{"embeddable":true,"href":"https:\/\/blogs.fu-berlin.de\/bibliotheken\/wp-json\/wp\/v2\/users\/265"}],"replies":[{"embeddable":true,"href":"https:\/\/blogs.fu-berlin.de\/bibliotheken\/wp-json\/wp\/v2\/comments?post=13308"}],"version-history":[{"count":2,"href":"https:\/\/blogs.fu-berlin.de\/bibliotheken\/wp-json\/wp\/v2\/posts\/13308\/revisions"}],"predecessor-version":[{"id":13310,"href":"https:\/\/blogs.fu-berlin.de\/bibliotheken\/wp-json\/wp\/v2\/posts\/13308\/revisions\/13310"}],"wp:attachment":[{"href":"https:\/\/blogs.fu-berlin.de\/bibliotheken\/wp-json\/wp\/v2\/media?parent=13308"}],"wp:term":[{"taxonomy":"category","embeddable":true,"href":"https:\/\/blogs.fu-berlin.de\/bibliotheken\/wp-json\/wp\/v2\/categories?post=13308"},{"taxonomy":"post_tag","embeddable":true,"href":"https:\/\/blogs.fu-berlin.de\/bibliotheken\/wp-json\/wp\/v2\/tags?post=13308"}],"curies":[{"name":"wp","href":"https:\/\/api.w.org\/{rel}","templated":true}]}}