{"id":13354,"date":"2013-01-17T13:34:09","date_gmt":"2013-01-17T12:34:09","guid":{"rendered":"https:\/\/blogs.fu-berlin.de\/bibliotheken\/?p=13354"},"modified":"2013-01-17T13:34:09","modified_gmt":"2013-01-17T12:34:09","slug":"kurschners-deutscher-gelehrten-kalender-online","status":"publish","type":"post","link":"https:\/\/blogs.fu-berlin.de\/bibliotheken\/2013\/01\/17\/kurschners-deutscher-gelehrten-kalender-online\/","title":{"rendered":"K\u00fcrschners Deutscher Gelehrten-Kalender online"},"content":{"rendered":"<p><a href=\"https:\/\/vs13.kobv.de\/V?portal=FUBERLIN&amp;institute=FUBERLIN&amp;func=find-db-1-title&amp;mode=titles&amp;azlist=N&amp;scan_utf=&amp;scan_start=k\u00fcrschners+online&amp;search_type=contains&amp;restricted=all\"><img loading=\"lazy\" decoding=\"async\" class=\"alignright size-full wp-image-12222\" src=\"https:\/\/blogs.fu-berlin.de\/bibliotheken\/files\/2012\/07\/k\u00fcrschners.jpg\" alt=\"\" width=\"150\" height=\"217\" align=\"right\" \/><\/a>Ab sofort kann via de Gruyter auch auf die <a href=\"https:\/\/vs13.kobv.de\/V?portal=FUBERLIN&amp;institute=FUBERLIN&amp;func=find-db-1-title&amp;mode=titles&amp;azlist=N&amp;scan_utf=&amp;scan_start=gelehrten+online&amp;search_type=contains&amp;restricted=all\">Online-Ausgabe von K\u00fcrschners Deutschen Gelehrten-Kalender<\/a> zugegriffen werden. Bisher hatte die FU eine <a href=\"https:\/\/vs13.kobv.de\/V?portal=FUBERLIN&amp;institute=FUBERLIN&amp;func=find-db-1-title&amp;mode=titles&amp;azlist=N&amp;scan_utf=&amp;scan_start=gelehrten+cd&amp;search_type=contains&amp;restricted=all\">CD-ROM-Version der 22. Aufl. (2009)<\/a> angeboten.<\/p>\n<p>Die Datenbank gibt \u00dcberblick \u00fcber Wirken und Werdegang von \u00fcber 77.000 Wissenschaftlerinnen und Wissenschaftlern mit Lehrbefugnis, die an einer deutschsprachigen wissenschaftlichen Hochschule t\u00e4tig sind. Aufgef\u00fchrt sind die wichtigsten biographischen Daten, Adressen, Angaben zu Forschungsschwerpunkten und Arbeitsgebieten sowie vereinzelt auch eine Auswahlbibliographie der aktuellsten bzw. wichtigsten Publikationen.<\/p>\n<p>Die Online-Ausgabe wird laufend auf dem aktuellen Stand gehalten und erm\u00f6glicht die gezielte Suche nach Kriterien wie z.B. dem Fachgebiet. Sie enth\u00e4lt zus\u00e4tzlich zur gedruckten Ausgabe Angaben zu ca. 8.800 Personen, die seit 1996 als verstorben ermittelt wurden.<\/p>\n<p>Die Eintr\u00e4ge liegen im HTML-Format zur Verf\u00fcgung und k\u00f6nnen kopiert, ausgedruckt, per E-Mail verschickt bzw. auch als PDF-Datei abgespeichert werden.<\/p>\n<h6>Die Beschreibung ist weitgehend dem Informationstext des Anbieters entnommen.<\/h6>\n","protected":false},"excerpt":{"rendered":"<p>Ab sofort kann via de Gruyter auch auf die Online-Ausgabe von K\u00fcrschners Deutschen Gelehrten-Kalender zugegriffen werden. Bisher hatte die FU eine CD-ROM-Version der 22. Aufl. (2009) angeboten. Die Datenbank gibt \u00dcberblick \u00fcber Wirken und Werdegang von \u00fcber 77.000 Wissenschaftlerinnen und Wissenschaftlern mit Lehrbefugnis, die an einer deutschsprachigen wissenschaftlichen Hochschule t\u00e4tig sind. Aufgef\u00fchrt sind die wichtigsten &hellip; <a href=\"https:\/\/blogs.fu-berlin.de\/bibliotheken\/2013\/01\/17\/kurschners-deutscher-gelehrten-kalender-online\/\" class=\"more-link\"><span class=\"screen-reader-text\">\u201eK\u00fcrschners Deutscher Gelehrten-Kalender online\u201c<\/span> weiterlesen<\/a><\/p>\n","protected":false},"author":293,"featured_media":0,"comment_status":"open","ping_status":"open","sticky":false,"template":"","format":"standard","meta":{"footnotes":""},"categories":[457,584805],"tags":[712,921,916,1543,917,918,8728],"class_list":["post-13354","post","type-post","status-publish","format-standard","hentry","category-digitale-bibliothek","category-was-ist-neu","tag-bibliographie","tag-biographie","tag-deutschland","tag-nachschlagewerk","tag-osterreich","tag-schweiz","tag-wissenschaftler"],"_links":{"self":[{"href":"https:\/\/blogs.fu-berlin.de\/bibliotheken\/wp-json\/wp\/v2\/posts\/13354","targetHints":{"allow":["GET"]}}],"collection":[{"href":"https:\/\/blogs.fu-berlin.de\/bibliotheken\/wp-json\/wp\/v2\/posts"}],"about":[{"href":"https:\/\/blogs.fu-berlin.de\/bibliotheken\/wp-json\/wp\/v2\/types\/post"}],"author":[{"embeddable":true,"href":"https:\/\/blogs.fu-berlin.de\/bibliotheken\/wp-json\/wp\/v2\/users\/293"}],"replies":[{"embeddable":true,"href":"https:\/\/blogs.fu-berlin.de\/bibliotheken\/wp-json\/wp\/v2\/comments?post=13354"}],"version-history":[{"count":2,"href":"https:\/\/blogs.fu-berlin.de\/bibliotheken\/wp-json\/wp\/v2\/posts\/13354\/revisions"}],"predecessor-version":[{"id":13359,"href":"https:\/\/blogs.fu-berlin.de\/bibliotheken\/wp-json\/wp\/v2\/posts\/13354\/revisions\/13359"}],"wp:attachment":[{"href":"https:\/\/blogs.fu-berlin.de\/bibliotheken\/wp-json\/wp\/v2\/media?parent=13354"}],"wp:term":[{"taxonomy":"category","embeddable":true,"href":"https:\/\/blogs.fu-berlin.de\/bibliotheken\/wp-json\/wp\/v2\/categories?post=13354"},{"taxonomy":"post_tag","embeddable":true,"href":"https:\/\/blogs.fu-berlin.de\/bibliotheken\/wp-json\/wp\/v2\/tags?post=13354"}],"curies":[{"name":"wp","href":"https:\/\/api.w.org\/{rel}","templated":true}]}}