{"id":13423,"date":"2013-01-22T14:58:45","date_gmt":"2013-01-22T13:58:45","guid":{"rendered":"https:\/\/blogs.fu-berlin.de\/bibliotheken\/?p=13423"},"modified":"2020-03-24T16:36:35","modified_gmt":"2020-03-24T15:36:35","slug":"etymologisches-worterbuch-der-deutschen-sprache-online","status":"publish","type":"post","link":"https:\/\/blogs.fu-berlin.de\/bibliotheken\/2013\/01\/22\/etymologisches-worterbuch-der-deutschen-sprache-online\/","title":{"rendered":"Etymologisches W\u00f6rterbuch der deutschen Sprache online"},"content":{"rendered":"<p><a href=\"http:\/\/dbis.ur.de\/detail.php?titel_id=11802&amp;bib_id=fub\"><img loading=\"lazy\" decoding=\"async\" class=\"alignright wp-image-13424 size-full\" style=\"margin: 5px\" src=\"https:\/\/blogs.fu-berlin.de\/bibliotheken\/files\/2013\/01\/Kluge.jpg\" alt=\"\" width=\"150\" height=\"208\" align=\"right\" \/><\/a>Bei diesem Titel (kostenfrei nutzbar f\u00fcr FU-Angeh\u00f6rige) handelt es sich um die <a href=\"http:\/\/dbis.ur.de\/detail.php?titel_id=11802&amp;bib_id=fub\">Online-Version<\/a> des von Friedrich Kluge begr\u00fcndeten W\u00f6rterbuchs, das zu den Standardnachschlagewerken der deutschen Sprachgeschichte gez\u00e4hlt wird. Es erkl\u00e4rt die Entstehungs- und Bedeutungsgeschichte von fast 13.000 W\u00f6rtern und ins Deutsche eingeflossenen Fremdw\u00f6rtern.<\/p>\n<p>Die vorliegende 25. Aufl. aus dem Jahr 2011 ist vollst\u00e4ndig auf die neue amtliche Orthographie umgestellt und wurde um zahlreiche neue Artikel erg\u00e4nzt. Unter den neu hinzugekommenen W\u00f6rtern sind teilweise auch so skurrile Eintr\u00e4ge wie \u201e<a href=\"https:\/\/www.degruyter.com\/view\/Kluge\/kluge.596?rskey=hHiFnb&amp;result=1&amp;q=&amp;dbq_0=arschkarte&amp;dbf_0=kluge-fulltext&amp;dbt_0=fulltext&amp;o_0=AND\">Arschkarte<\/a>\u201c, \u201e<a href=\"https:\/\/www.degruyter.com\/view\/Kluge\/kluge.2473?rskey=z6oXWh&amp;result=1&amp;q=&amp;dbq_0=elchtest&amp;dbf_0=kluge-fulltext&amp;dbt_0=fulltext&amp;o_0=AND\">Elchtest<\/a>\u201c oder \u201e<a href=\"https:\/\/www.degruyter.com\/view\/Kluge\/kluge.2890?rskey=tHMyOc&amp;result=1&amp;q=&amp;dbq_0=Fanmeile&amp;dbf_0=kluge-fulltext&amp;dbt_0=fulltext&amp;o_0=AND\">Fanmeile<\/a>\u201c vertreten <img decoding=\"async\" src=\"https:\/\/blogs.fu-berlin.de\/bibliotheken\/wp-includes\/images\/smilies\/icon_wink.gif\" alt=\";-)\" \/> &#8230;<\/p>\n<p>Als Sucheinstiege werden neben \u201eLemma\u201c und \u201eVolltext\u201c auch \u201eErstbezeugung nach Jahrhunderten\u201c, \u201eWorte in Fremdsprachen\u201c und \u201eLiteraturangaben\u201c angeboten. Nach einer kostenfreien Registrierung bei De Gruyter Online lassen sich einzelne Eintr\u00e4ge auch eine Merkliste aufnehmen bzw. kommentieren.<\/p>\n<p>Parallel wird eine kostenpflichtige App f\u00fcr Android angeboten, die jedoch nicht in der FU-Lizenz enthalten ist.<\/p>\n","protected":false},"excerpt":{"rendered":"<p>Bei diesem Titel (kostenfrei nutzbar f\u00fcr FU-Angeh\u00f6rige) handelt es sich um die Online-Version des von Friedrich Kluge begr\u00fcndeten W\u00f6rterbuchs, das zu den Standardnachschlagewerken der deutschen Sprachgeschichte gez\u00e4hlt wird. Es erkl\u00e4rt die Entstehungs- und Bedeutungsgeschichte von fast 13.000 W\u00f6rtern und ins Deutsche eingeflossenen Fremdw\u00f6rtern. Die vorliegende 25. Aufl. aus dem Jahr 2011 ist vollst\u00e4ndig auf die &hellip; <a href=\"https:\/\/blogs.fu-berlin.de\/bibliotheken\/2013\/01\/22\/etymologisches-worterbuch-der-deutschen-sprache-online\/\" class=\"more-link\"><span class=\"screen-reader-text\">\u201eEtymologisches W\u00f6rterbuch der deutschen Sprache online\u201c<\/span> weiterlesen<\/a><\/p>\n","protected":false},"author":293,"featured_media":0,"comment_status":"open","ping_status":"open","sticky":false,"template":"","format":"standard","meta":{"footnotes":""},"categories":[457,584805],"tags":[692,2131,10102,699],"class_list":["post-13423","post","type-post","status-publish","format-standard","hentry","category-digitale-bibliothek","category-was-ist-neu","tag-de-gruyter","tag-deutsch","tag-etymologie","tag-worterbuch"],"_links":{"self":[{"href":"https:\/\/blogs.fu-berlin.de\/bibliotheken\/wp-json\/wp\/v2\/posts\/13423","targetHints":{"allow":["GET"]}}],"collection":[{"href":"https:\/\/blogs.fu-berlin.de\/bibliotheken\/wp-json\/wp\/v2\/posts"}],"about":[{"href":"https:\/\/blogs.fu-berlin.de\/bibliotheken\/wp-json\/wp\/v2\/types\/post"}],"author":[{"embeddable":true,"href":"https:\/\/blogs.fu-berlin.de\/bibliotheken\/wp-json\/wp\/v2\/users\/293"}],"replies":[{"embeddable":true,"href":"https:\/\/blogs.fu-berlin.de\/bibliotheken\/wp-json\/wp\/v2\/comments?post=13423"}],"version-history":[{"count":8,"href":"https:\/\/blogs.fu-berlin.de\/bibliotheken\/wp-json\/wp\/v2\/posts\/13423\/revisions"}],"predecessor-version":[{"id":26148,"href":"https:\/\/blogs.fu-berlin.de\/bibliotheken\/wp-json\/wp\/v2\/posts\/13423\/revisions\/26148"}],"wp:attachment":[{"href":"https:\/\/blogs.fu-berlin.de\/bibliotheken\/wp-json\/wp\/v2\/media?parent=13423"}],"wp:term":[{"taxonomy":"category","embeddable":true,"href":"https:\/\/blogs.fu-berlin.de\/bibliotheken\/wp-json\/wp\/v2\/categories?post=13423"},{"taxonomy":"post_tag","embeddable":true,"href":"https:\/\/blogs.fu-berlin.de\/bibliotheken\/wp-json\/wp\/v2\/tags?post=13423"}],"curies":[{"name":"wp","href":"https:\/\/api.w.org\/{rel}","templated":true}]}}