{"id":13427,"date":"2013-01-22T14:44:21","date_gmt":"2013-01-22T13:44:21","guid":{"rendered":"https:\/\/blogs.fu-berlin.de\/bibliotheken\/?p=13427"},"modified":"2017-04-04T08:34:59","modified_gmt":"2017-04-04T07:34:59","slug":"zugriff-auf-die-international-bibliography-of-paremiology-and-phraseology","status":"publish","type":"post","link":"https:\/\/blogs.fu-berlin.de\/bibliotheken\/2013\/01\/22\/zugriff-auf-die-international-bibliography-of-paremiology-and-phraseology\/","title":{"rendered":"Zugriff auf die International Bibliography of Paremiology and Phraseology"},"content":{"rendered":"<p><a href=\"https:\/\/vs13.kobv.de\/V?portal=FUBERLIN&amp;institute=FUBERLIN&amp;func=find-db-1-title&amp;mode=titles&amp;azlist=N&amp;scan_utf=&amp;scan_start=paremiology&amp;search_type=contains&amp;restricted=all\"><img loading=\"lazy\" decoding=\"async\" class=\"alignright size-full wp-image-13428\" style=\"border: 1px solid black\" src=\"https:\/\/blogs.fu-berlin.de\/bibliotheken\/files\/2013\/01\/Mieder.jpg\" alt=\"\" width=\"91\" height=\"131\" align=\"right\" \/><\/a>Bei der <a href=\"https:\/\/vs13.kobv.de\/V?portal=FUBERLIN&amp;institute=FUBERLIN&amp;func=find-db-1-title&amp;mode=titles&amp;azlist=N&amp;scan_utf=&amp;scan_start=paremiology&amp;search_type=contains&amp;restricted=all\">Online-Datenbank<\/a> handelt es sich um eine internationale Spezialbibliographie mit \u00fcber 10.000 annotierten Literaturnachweisen zur Par\u00f6miologie und Phraseologie, d. h. Sprichw\u00f6rter, Redewendungen, Redensarten oder Zitate. Schnell l\u00e4sst sich wissenschaftliche Literatur zum Hintergrund von Sprichw\u00f6rtern wie \u201eKleider machen Leute\u201c bis zu \u201eWo der Pfeffer w\u00e4chst\u201c ermitteln.<\/p>\n<p>Die Eintr\u00e4ge stammen aus den vom deutschen Par\u00f6miologen Wolfgang Mieder begr\u00fcndeten <em>International Proverb Archives<\/em>, die an der US-amerikanischen University of Vermont in Burlington beheimatet sind.<\/p>\n","protected":false},"excerpt":{"rendered":"<p>Bei der Online-Datenbank handelt es sich um eine internationale Spezialbibliographie mit \u00fcber 10.000 annotierten Literaturnachweisen zur Par\u00f6miologie und Phraseologie, d. h. Sprichw\u00f6rter, Redewendungen, Redensarten oder Zitate. Schnell l\u00e4sst sich wissenschaftliche Literatur zum Hintergrund von Sprichw\u00f6rtern wie \u201eKleider machen Leute\u201c bis zu \u201eWo der Pfeffer w\u00e4chst\u201c ermitteln. Die Eintr\u00e4ge stammen aus den vom deutschen Par\u00f6miologen Wolfgang &hellip; <a href=\"https:\/\/blogs.fu-berlin.de\/bibliotheken\/2013\/01\/22\/zugriff-auf-die-international-bibliography-of-paremiology-and-phraseology\/\" class=\"more-link\"><span class=\"screen-reader-text\">\u201eZugriff auf die International Bibliography of Paremiology and Phraseology\u201c<\/span> weiterlesen<\/a><\/p>\n","protected":false},"author":293,"featured_media":0,"comment_status":"open","ping_status":"open","sticky":false,"template":"","format":"standard","meta":{"footnotes":""},"categories":[457,584805],"tags":[712,692,10103,10104],"class_list":["post-13427","post","type-post","status-publish","format-standard","hentry","category-digitale-bibliothek","category-was-ist-neu","tag-bibliographie","tag-de-gruyter","tag-phraseologie","tag-sprichwortforschung"],"_links":{"self":[{"href":"https:\/\/blogs.fu-berlin.de\/bibliotheken\/wp-json\/wp\/v2\/posts\/13427","targetHints":{"allow":["GET"]}}],"collection":[{"href":"https:\/\/blogs.fu-berlin.de\/bibliotheken\/wp-json\/wp\/v2\/posts"}],"about":[{"href":"https:\/\/blogs.fu-berlin.de\/bibliotheken\/wp-json\/wp\/v2\/types\/post"}],"author":[{"embeddable":true,"href":"https:\/\/blogs.fu-berlin.de\/bibliotheken\/wp-json\/wp\/v2\/users\/293"}],"replies":[{"embeddable":true,"href":"https:\/\/blogs.fu-berlin.de\/bibliotheken\/wp-json\/wp\/v2\/comments?post=13427"}],"version-history":[{"count":3,"href":"https:\/\/blogs.fu-berlin.de\/bibliotheken\/wp-json\/wp\/v2\/posts\/13427\/revisions"}],"predecessor-version":[{"id":20835,"href":"https:\/\/blogs.fu-berlin.de\/bibliotheken\/wp-json\/wp\/v2\/posts\/13427\/revisions\/20835"}],"wp:attachment":[{"href":"https:\/\/blogs.fu-berlin.de\/bibliotheken\/wp-json\/wp\/v2\/media?parent=13427"}],"wp:term":[{"taxonomy":"category","embeddable":true,"href":"https:\/\/blogs.fu-berlin.de\/bibliotheken\/wp-json\/wp\/v2\/categories?post=13427"},{"taxonomy":"post_tag","embeddable":true,"href":"https:\/\/blogs.fu-berlin.de\/bibliotheken\/wp-json\/wp\/v2\/tags?post=13427"}],"curies":[{"name":"wp","href":"https:\/\/api.w.org\/{rel}","templated":true}]}}