{"id":13458,"date":"2013-01-25T10:44:41","date_gmt":"2013-01-25T09:44:41","guid":{"rendered":"https:\/\/blogs.fu-berlin.de\/bibliotheken\/?p=13458"},"modified":"2013-01-25T17:00:04","modified_gmt":"2013-01-25T16:00:04","slug":"tagebucher-von-joseph-goebbels-online","status":"publish","type":"post","link":"https:\/\/blogs.fu-berlin.de\/bibliotheken\/2013\/01\/25\/tagebucher-von-joseph-goebbels-online\/","title":{"rendered":"Tageb\u00fccher von Joseph Goebbels Online"},"content":{"rendered":"<p>Die <a href=\"https:\/\/vs13.kobv.de\/V?portal=FUBERLIN&amp;institute=FUBERLIN&amp;func=native-link&amp;resource=KOB20446\" target=\"_blank\">Tageb\u00fccher von Joseph Goebbels Online<\/a> umfassen in Transkription s\u00e4mtliche handschriftlichen Aufzeichnungen aus den Jahren 1923 bis Juli 1941 und die sich daran anschlie\u00dfenden Diktate bis 1945. Die vom Institut f\u00fcr Zeitgeschichte verantwortete Edition basiert auf der 1992 von Elke Fr\u00f6hlich im ehemaligen Sonderarchiv in Moskau entdeckten Glasplatten\u00fcberlieferung des Gesamtbestandes der Tageb\u00fccher, die von Goebbels selbst in Auftrag gegeben worden war. <\/p>\n<p>Die Datenbank er\u00f6ffnet f\u00fcr die Forschung erstmalig die Gelegenheit, die Tageb\u00fccher von Joseph Goebbels \u00fcber den wertvollen Sachindex, welcher bislang nur gedruckt vorlag, elektronisch zu nutzen.\u201c<\/p>\n<p>Der Text wurde von DBIS \u00fcbernommen.<\/p>\n","protected":false},"excerpt":{"rendered":"<p>Die Tageb\u00fccher von Joseph Goebbels Online umfassen in Transkription s\u00e4mtliche handschriftlichen Aufzeichnungen aus den Jahren 1923 bis Juli 1941 und die sich daran anschlie\u00dfenden Diktate bis 1945. Die vom Institut f\u00fcr Zeitgeschichte verantwortete Edition basiert auf der 1992 von Elke Fr\u00f6hlich im ehemaligen Sonderarchiv in Moskau entdeckten Glasplatten\u00fcberlieferung des Gesamtbestandes der Tageb\u00fccher, die von Goebbels &hellip; <a href=\"https:\/\/blogs.fu-berlin.de\/bibliotheken\/2013\/01\/25\/tagebucher-von-joseph-goebbels-online\/\" class=\"more-link\"><span class=\"screen-reader-text\">\u201eTageb\u00fccher von Joseph Goebbels Online\u201c<\/span> weiterlesen<\/a><\/p>\n","protected":false},"author":265,"featured_media":0,"comment_status":"open","ping_status":"open","sticky":false,"template":"","format":"standard","meta":{"footnotes":""},"categories":[457,584805],"tags":[10112,10040],"class_list":["post-13458","post","type-post","status-publish","format-standard","hentry","category-digitale-bibliothek","category-was-ist-neu","tag-goebbels","tag-tagebucher"],"_links":{"self":[{"href":"https:\/\/blogs.fu-berlin.de\/bibliotheken\/wp-json\/wp\/v2\/posts\/13458","targetHints":{"allow":["GET"]}}],"collection":[{"href":"https:\/\/blogs.fu-berlin.de\/bibliotheken\/wp-json\/wp\/v2\/posts"}],"about":[{"href":"https:\/\/blogs.fu-berlin.de\/bibliotheken\/wp-json\/wp\/v2\/types\/post"}],"author":[{"embeddable":true,"href":"https:\/\/blogs.fu-berlin.de\/bibliotheken\/wp-json\/wp\/v2\/users\/265"}],"replies":[{"embeddable":true,"href":"https:\/\/blogs.fu-berlin.de\/bibliotheken\/wp-json\/wp\/v2\/comments?post=13458"}],"version-history":[{"count":8,"href":"https:\/\/blogs.fu-berlin.de\/bibliotheken\/wp-json\/wp\/v2\/posts\/13458\/revisions"}],"predecessor-version":[{"id":13500,"href":"https:\/\/blogs.fu-berlin.de\/bibliotheken\/wp-json\/wp\/v2\/posts\/13458\/revisions\/13500"}],"wp:attachment":[{"href":"https:\/\/blogs.fu-berlin.de\/bibliotheken\/wp-json\/wp\/v2\/media?parent=13458"}],"wp:term":[{"taxonomy":"category","embeddable":true,"href":"https:\/\/blogs.fu-berlin.de\/bibliotheken\/wp-json\/wp\/v2\/categories?post=13458"},{"taxonomy":"post_tag","embeddable":true,"href":"https:\/\/blogs.fu-berlin.de\/bibliotheken\/wp-json\/wp\/v2\/tags?post=13458"}],"curies":[{"name":"wp","href":"https:\/\/api.w.org\/{rel}","templated":true}]}}