{"id":13513,"date":"2013-02-01T15:22:28","date_gmt":"2013-02-01T14:22:28","guid":{"rendered":"https:\/\/blogs.fu-berlin.de\/bibliotheken\/?p=13513"},"modified":"2017-04-04T08:33:42","modified_gmt":"2017-04-04T07:33:42","slug":"recherche-nach-historischen-verfassungen","status":"publish","type":"post","link":"https:\/\/blogs.fu-berlin.de\/bibliotheken\/2013\/02\/01\/recherche-nach-historischen-verfassungen\/","title":{"rendered":"Recherche nach historischen Verfassungen"},"content":{"rendered":"<p>In der Online-Edition <a href=\"https:\/\/vs13.kobv.de\/V?portal=FUBERLIN&amp;institute=FUBERLIN&amp;func=find-db-1-title&amp;mode=titles&amp;azlist=N&amp;scan_utf=&amp;scan_start=constitutions&amp;search_type=contains&amp;restricted=all\">Constitutions of the World from the late 18th Century to the Middle of the 19th Century Online<\/a> (dt.: <em>Verfassungen der Welt vom sp\u00e4ten 18. Jahrhundert bis zur Mitte des 19. Jahrhunderts<\/em>) lassen sich ca. 1600 Verfassungsdokumente, Verfassungserg\u00e4nzungen, Menschenrechtserkl\u00e4rungen sowie Entw\u00fcrfe von Verfassungen aus ca. 50 L\u00e4ndern Europas und Nord- und S\u00fcdamerikas im Volltext recherchieren.<\/p>\n<p>Die Verfassungsdokumente sind auf der Grundlage der originalen Texte von namhaften Verfassungsexperten in der jeweiligen Landessprache ediert, annotiert und indiziert worden. Zudem stehen alle Dokumente auch als digitale Faksimile zur Verf\u00fcgung.<\/p>\n<p>Die Verfassungen k\u00f6nnen im Volltext durchsucht werden oder lassen sich \u00fcber einen Sachindex auffinden, \u00fcber den direkt auf die Verfassungsparagraphen oder Artikel zu einem bestimmten Sachbegriff zugegriffen werden kann.<\/p>\n<h6>Der Text ist weitgehend der Anbieter-Information von De Gruyter entnommen<\/h6>\n","protected":false},"excerpt":{"rendered":"<p>In der Online-Edition Constitutions of the World from the late 18th Century to the Middle of the 19th Century Online (dt.: Verfassungen der Welt vom sp\u00e4ten 18. Jahrhundert bis zur Mitte des 19. Jahrhunderts) lassen sich ca. 1600 Verfassungsdokumente, Verfassungserg\u00e4nzungen, Menschenrechtserkl\u00e4rungen sowie Entw\u00fcrfe von Verfassungen aus ca. 50 L\u00e4ndern Europas und Nord- und S\u00fcdamerikas im &hellip; <a href=\"https:\/\/blogs.fu-berlin.de\/bibliotheken\/2013\/02\/01\/recherche-nach-historischen-verfassungen\/\" class=\"more-link\"><span class=\"screen-reader-text\">\u201eRecherche nach historischen Verfassungen\u201c<\/span> weiterlesen<\/a><\/p>\n","protected":false},"author":293,"featured_media":0,"comment_status":"open","ping_status":"open","sticky":false,"template":"","format":"standard","meta":{"footnotes":""},"categories":[457,584805],"tags":[692,471,116,11982,520],"class_list":["post-13513","post","type-post","status-publish","format-standard","hentry","category-digitale-bibliothek","category-was-ist-neu","tag-de-gruyter","tag-geschichte","tag-politik","tag-verfassungen","tag-volltexte"],"_links":{"self":[{"href":"https:\/\/blogs.fu-berlin.de\/bibliotheken\/wp-json\/wp\/v2\/posts\/13513","targetHints":{"allow":["GET"]}}],"collection":[{"href":"https:\/\/blogs.fu-berlin.de\/bibliotheken\/wp-json\/wp\/v2\/posts"}],"about":[{"href":"https:\/\/blogs.fu-berlin.de\/bibliotheken\/wp-json\/wp\/v2\/types\/post"}],"author":[{"embeddable":true,"href":"https:\/\/blogs.fu-berlin.de\/bibliotheken\/wp-json\/wp\/v2\/users\/293"}],"replies":[{"embeddable":true,"href":"https:\/\/blogs.fu-berlin.de\/bibliotheken\/wp-json\/wp\/v2\/comments?post=13513"}],"version-history":[{"count":5,"href":"https:\/\/blogs.fu-berlin.de\/bibliotheken\/wp-json\/wp\/v2\/posts\/13513\/revisions"}],"predecessor-version":[{"id":20832,"href":"https:\/\/blogs.fu-berlin.de\/bibliotheken\/wp-json\/wp\/v2\/posts\/13513\/revisions\/20832"}],"wp:attachment":[{"href":"https:\/\/blogs.fu-berlin.de\/bibliotheken\/wp-json\/wp\/v2\/media?parent=13513"}],"wp:term":[{"taxonomy":"category","embeddable":true,"href":"https:\/\/blogs.fu-berlin.de\/bibliotheken\/wp-json\/wp\/v2\/categories?post=13513"},{"taxonomy":"post_tag","embeddable":true,"href":"https:\/\/blogs.fu-berlin.de\/bibliotheken\/wp-json\/wp\/v2\/tags?post=13513"}],"curies":[{"name":"wp","href":"https:\/\/api.w.org\/{rel}","templated":true}]}}