{"id":13538,"date":"2013-02-05T12:01:11","date_gmt":"2013-02-05T11:01:11","guid":{"rendered":"https:\/\/blogs.fu-berlin.de\/bibliotheken\/?p=13538"},"modified":"2013-02-05T12:01:11","modified_gmt":"2013-02-05T11:01:11","slug":"link-des-monats-februar-2013-berlinfolgen","status":"publish","type":"post","link":"https:\/\/blogs.fu-berlin.de\/bibliotheken\/2013\/02\/05\/link-des-monats-februar-2013-berlinfolgen\/","title":{"rendered":"Link des Monats Februar 2013: berlinfolgen"},"content":{"rendered":"<p><a href=\"https:\/\/www.ub.fu-berlin.de\/service_neu\/linktipp\/1302.html\"><img loading=\"lazy\" decoding=\"async\" class=\"alignright size-full wp-image-13550\" src=\"https:\/\/blogs.fu-berlin.de\/bibliotheken\/files\/2013\/02\/berlinfolgen.jpg\" alt=\"\" width=\"150\" height=\"34\" align=\"right\" \/><\/a>In Berlin tummeln sich mehr als 3,5 Millionen Menschen auf knapp 892 km\u00b2 Fl\u00e4che. Wie facettenreich die Einwohner unserer Stadt doch sind und was f\u00fcr interessante Geschichten sie zu erz\u00e4hlen haben, zeigt <em>berlinfolgen<\/em>, unser <a href=\"https:\/\/www.ub.fu-berlin.de\/service_neu\/linktipp\/1302.html\">Link des Monats Februar<\/a>.<\/p>\n","protected":false},"excerpt":{"rendered":"<p>In Berlin tummeln sich mehr als 3,5 Millionen Menschen auf knapp 892 km\u00b2 Fl\u00e4che. Wie facettenreich die Einwohner unserer Stadt doch sind und was f\u00fcr interessante Geschichten sie zu erz\u00e4hlen haben, zeigt berlinfolgen, unser Link des Monats Februar.<\/p>\n","protected":false},"author":293,"featured_media":0,"comment_status":"open","ping_status":"open","sticky":false,"template":"","format":"standard","meta":{"footnotes":""},"categories":[9,604],"tags":[537],"class_list":["post-13538","post","type-post","status-publish","format-standard","hentry","category-allgemein","category-ins-netz-geschaut","tag-link-des-monats"],"_links":{"self":[{"href":"https:\/\/blogs.fu-berlin.de\/bibliotheken\/wp-json\/wp\/v2\/posts\/13538","targetHints":{"allow":["GET"]}}],"collection":[{"href":"https:\/\/blogs.fu-berlin.de\/bibliotheken\/wp-json\/wp\/v2\/posts"}],"about":[{"href":"https:\/\/blogs.fu-berlin.de\/bibliotheken\/wp-json\/wp\/v2\/types\/post"}],"author":[{"embeddable":true,"href":"https:\/\/blogs.fu-berlin.de\/bibliotheken\/wp-json\/wp\/v2\/users\/293"}],"replies":[{"embeddable":true,"href":"https:\/\/blogs.fu-berlin.de\/bibliotheken\/wp-json\/wp\/v2\/comments?post=13538"}],"version-history":[{"count":5,"href":"https:\/\/blogs.fu-berlin.de\/bibliotheken\/wp-json\/wp\/v2\/posts\/13538\/revisions"}],"predecessor-version":[{"id":13554,"href":"https:\/\/blogs.fu-berlin.de\/bibliotheken\/wp-json\/wp\/v2\/posts\/13538\/revisions\/13554"}],"wp:attachment":[{"href":"https:\/\/blogs.fu-berlin.de\/bibliotheken\/wp-json\/wp\/v2\/media?parent=13538"}],"wp:term":[{"taxonomy":"category","embeddable":true,"href":"https:\/\/blogs.fu-berlin.de\/bibliotheken\/wp-json\/wp\/v2\/categories?post=13538"},{"taxonomy":"post_tag","embeddable":true,"href":"https:\/\/blogs.fu-berlin.de\/bibliotheken\/wp-json\/wp\/v2\/tags?post=13538"}],"curies":[{"name":"wp","href":"https:\/\/api.w.org\/{rel}","templated":true}]}}