{"id":13556,"date":"2013-02-08T13:50:56","date_gmt":"2013-02-08T12:50:56","guid":{"rendered":"https:\/\/blogs.fu-berlin.de\/bibliotheken\/?p=13556"},"modified":"2013-02-08T13:53:58","modified_gmt":"2013-02-08T12:53:58","slug":"posterausstellung-zum-umwelt-und-klimaschutz-in-der-ub","status":"publish","type":"post","link":"https:\/\/blogs.fu-berlin.de\/bibliotheken\/2013\/02\/08\/posterausstellung-zum-umwelt-und-klimaschutz-in-der-ub\/","title":{"rendered":"Posterausstellung zum Umwelt- und Klimaschutz in der UB"},"content":{"rendered":"<p><img loading=\"lazy\" decoding=\"async\" class=\"alignright size-full wp-image-13559\" src=\"https:\/\/blogs.fu-berlin.de\/bibliotheken\/files\/2013\/02\/EnergieUmwelt_RGB.png\" alt=\"\" width=\"225\" height=\"38\" align=\"right\" \/>Umwelt- und Klimaschutz sind heute anerkannte gesellschaftliche Aufgaben und k\u00f6nnen an einer gro\u00dfen Universit\u00e4t nicht nur als inhaltliche Angelegenheit von Forschung und Lehre verstanden werden.<\/p>\n<p>\u00dcber diesen Themenkomplex informiert eine <a href=\"https:\/\/www.ub.fu-berlin.de\/service_neu\/ausstellung\/index.html#umwelt\">Poster-Ausstellung<\/a>, die vom 05.02.2013 bis zum 08.03.2013 von Montag bis Freitag von 9.00 &#8211; 19.00 Uhr im Informationszentrum der Universit\u00e4tsbibliothek (1. OG) zu sehen ist.<\/p>\n<p>Sie informiert unter anderem \u00fcber die Entwicklung des Gesamt-Energieeinsatzes und der CO2-Emissionen der Freien Universit\u00e4t, die mit dem Land Berlin abgeschlossene Klimaschutzvereinbarung und &#8211; ganz konkret &#8211; \u00fcber die relevanten Umweltdaten der Universit\u00e4tsbibliothek selbst.<\/p>\n","protected":false},"excerpt":{"rendered":"<p>Umwelt- und Klimaschutz sind heute anerkannte gesellschaftliche Aufgaben und k\u00f6nnen an einer gro\u00dfen Universit\u00e4t nicht nur als inhaltliche Angelegenheit von Forschung und Lehre verstanden werden. \u00dcber diesen Themenkomplex informiert eine Poster-Ausstellung, die vom 05.02.2013 bis zum 08.03.2013 von Montag bis Freitag von 9.00 &#8211; 19.00 Uhr im Informationszentrum der Universit\u00e4tsbibliothek (1. OG) zu sehen ist. &hellip; <a href=\"https:\/\/blogs.fu-berlin.de\/bibliotheken\/2013\/02\/08\/posterausstellung-zum-umwelt-und-klimaschutz-in-der-ub\/\" class=\"more-link\"><span class=\"screen-reader-text\">\u201ePosterausstellung zum Umwelt- und Klimaschutz in der UB\u201c<\/span> weiterlesen<\/a><\/p>\n","protected":false},"author":265,"featured_media":0,"comment_status":"open","ping_status":"open","sticky":false,"template":"","format":"standard","meta":{"footnotes":""},"categories":[601,70],"tags":[74,2120,1445],"class_list":["post-13556","post","type-post","status-publish","format-standard","hentry","category-universitatsbibliothek","category-veranstaltungen","tag-freie-universitat-berlin","tag-klimaschutz","tag-umweltschutz"],"_links":{"self":[{"href":"https:\/\/blogs.fu-berlin.de\/bibliotheken\/wp-json\/wp\/v2\/posts\/13556","targetHints":{"allow":["GET"]}}],"collection":[{"href":"https:\/\/blogs.fu-berlin.de\/bibliotheken\/wp-json\/wp\/v2\/posts"}],"about":[{"href":"https:\/\/blogs.fu-berlin.de\/bibliotheken\/wp-json\/wp\/v2\/types\/post"}],"author":[{"embeddable":true,"href":"https:\/\/blogs.fu-berlin.de\/bibliotheken\/wp-json\/wp\/v2\/users\/265"}],"replies":[{"embeddable":true,"href":"https:\/\/blogs.fu-berlin.de\/bibliotheken\/wp-json\/wp\/v2\/comments?post=13556"}],"version-history":[{"count":5,"href":"https:\/\/blogs.fu-berlin.de\/bibliotheken\/wp-json\/wp\/v2\/posts\/13556\/revisions"}],"predecessor-version":[{"id":13562,"href":"https:\/\/blogs.fu-berlin.de\/bibliotheken\/wp-json\/wp\/v2\/posts\/13556\/revisions\/13562"}],"wp:attachment":[{"href":"https:\/\/blogs.fu-berlin.de\/bibliotheken\/wp-json\/wp\/v2\/media?parent=13556"}],"wp:term":[{"taxonomy":"category","embeddable":true,"href":"https:\/\/blogs.fu-berlin.de\/bibliotheken\/wp-json\/wp\/v2\/categories?post=13556"},{"taxonomy":"post_tag","embeddable":true,"href":"https:\/\/blogs.fu-berlin.de\/bibliotheken\/wp-json\/wp\/v2\/tags?post=13556"}],"curies":[{"name":"wp","href":"https:\/\/api.w.org\/{rel}","templated":true}]}}