{"id":13588,"date":"2013-03-01T11:58:37","date_gmt":"2013-03-01T10:58:37","guid":{"rendered":"https:\/\/blogs.fu-berlin.de\/bibliotheken\/?p=13588"},"modified":"2013-03-01T11:58:37","modified_gmt":"2013-03-01T10:58:37","slug":"online-zugriff-auf-die-encyclopedia-of-american-indian-removal","status":"publish","type":"post","link":"https:\/\/blogs.fu-berlin.de\/bibliotheken\/2013\/03\/01\/online-zugriff-auf-die-encyclopedia-of-american-indian-removal\/","title":{"rendered":"Online-Zugriff auf die Encyclopedia of American Indian Removal"},"content":{"rendered":"<p><a href=\"https:\/\/vs13.kobv.de\/V?portal=FUBERLIN&amp;institute=FUBERLIN&amp;func=find-db-1-title&amp;mode=titles&amp;azlist=N&amp;scan_utf=&amp;scan_start=removal&amp;search_type=contains&amp;restricted=all\"><img loading=\"lazy\" decoding=\"async\" class=\"size-full wp-image-13590 alignright\" src=\"https:\/\/blogs.fu-berlin.de\/bibliotheken\/files\/2013\/03\/Indian-Removal.jpg\" alt=\"\" width=\"200\" height=\"215\" align=\"right\" \/><\/a>FU-Angeh\u00f6rige k\u00f6nnen \u00fcber die Digitale Bibliothek ab sofort auf das E-Book <em><a href=\"https:\/\/vs13.kobv.de\/V?portal=FUBERLIN&amp;institute=FUBERLIN&amp;func=find-db-1-title&amp;mode=titles&amp;azlist=N&amp;scan_utf=&amp;scan_start=removal&amp;search_type=contains&amp;restricted=all\">Encyclopedia of American Indian Removal<\/a><\/em> zugreifen. Es nimmt sich der Vertreibung der US-amerikanischen Ureinwohner als Thema an und basiert auf der gleichnamigen zweib\u00e4ndigen Druckausgabe aus dem Jahr 2011, die \u00fcber 120 Aufs\u00e4tze enth\u00e4lt.<\/p>\n<p>Die Periode der Vertreibung der Indianer (\u201eIndian Removal\u201c) beginnt mit dem Erlass des \u201eIndian Removal Act\u201c im Jahr 1830. Dieser hatte die gewaltsame Vertreibung der Indianer aus dem Gebiet \u00f6stlich des Mississippi und ihre Zwangsumsiedlung westlich der Staaten Arkansas und Missouri (u. a. auch als \u201eTrail of Tears\u201c &#8211; Pfad der Tr\u00e4nen &#8211; bekannt) zur Folge.<\/p>\n<p>Band I des E-Books enth\u00e4lt alphabetisch sortiert Artikel \u00fcber wichtige Ereignisse, einschl\u00e4gige Aspekte und Schl\u00fcsselfiguren. Band II gibt Einblick in Prim\u00e4rquellen sortiert nach den Abschnitten \u201ePolicy\u201c, \u201eResponces to Policy\u201c und \u201eRemovals\u201c.<\/p>\n<p>Das Nachschlagewerk wurde von Daniel F. Littlefield, Jr. und James W. Parins vom Sequoyah National Research Center (Univ. of Arkansas, Little Rock) herausgegeben. Die E-Book-Version erlaubt den Ausdruck bzw. Download von max. 10 Seiten pro Druckauftrag bzw. Speicherung (PDF-Datei).<\/p>\n","protected":false},"excerpt":{"rendered":"<p>FU-Angeh\u00f6rige k\u00f6nnen \u00fcber die Digitale Bibliothek ab sofort auf das E-Book Encyclopedia of American Indian Removal zugreifen. Es nimmt sich der Vertreibung der US-amerikanischen Ureinwohner als Thema an und basiert auf der gleichnamigen zweib\u00e4ndigen Druckausgabe aus dem Jahr 2011, die \u00fcber 120 Aufs\u00e4tze enth\u00e4lt. Die Periode der Vertreibung der Indianer (\u201eIndian Removal\u201c) beginnt mit dem &hellip; <a href=\"https:\/\/blogs.fu-berlin.de\/bibliotheken\/2013\/03\/01\/online-zugriff-auf-die-encyclopedia-of-american-indian-removal\/\" class=\"more-link\"><span class=\"screen-reader-text\">\u201eOnline-Zugriff auf die Encyclopedia of American Indian Removal\u201c<\/span> weiterlesen<\/a><\/p>\n","protected":false},"author":293,"featured_media":0,"comment_status":"open","ping_status":"open","sticky":false,"template":"","format":"standard","meta":{"footnotes":""},"categories":[457,584805],"tags":[752,471,527,11989],"class_list":["post-13588","post","type-post","status-publish","format-standard","hentry","category-digitale-bibliothek","category-was-ist-neu","tag-e-book","tag-geschichte","tag-usa","tag-vertreibung-der-indianer"],"_links":{"self":[{"href":"https:\/\/blogs.fu-berlin.de\/bibliotheken\/wp-json\/wp\/v2\/posts\/13588","targetHints":{"allow":["GET"]}}],"collection":[{"href":"https:\/\/blogs.fu-berlin.de\/bibliotheken\/wp-json\/wp\/v2\/posts"}],"about":[{"href":"https:\/\/blogs.fu-berlin.de\/bibliotheken\/wp-json\/wp\/v2\/types\/post"}],"author":[{"embeddable":true,"href":"https:\/\/blogs.fu-berlin.de\/bibliotheken\/wp-json\/wp\/v2\/users\/293"}],"replies":[{"embeddable":true,"href":"https:\/\/blogs.fu-berlin.de\/bibliotheken\/wp-json\/wp\/v2\/comments?post=13588"}],"version-history":[{"count":3,"href":"https:\/\/blogs.fu-berlin.de\/bibliotheken\/wp-json\/wp\/v2\/posts\/13588\/revisions"}],"predecessor-version":[{"id":13592,"href":"https:\/\/blogs.fu-berlin.de\/bibliotheken\/wp-json\/wp\/v2\/posts\/13588\/revisions\/13592"}],"wp:attachment":[{"href":"https:\/\/blogs.fu-berlin.de\/bibliotheken\/wp-json\/wp\/v2\/media?parent=13588"}],"wp:term":[{"taxonomy":"category","embeddable":true,"href":"https:\/\/blogs.fu-berlin.de\/bibliotheken\/wp-json\/wp\/v2\/categories?post=13588"},{"taxonomy":"post_tag","embeddable":true,"href":"https:\/\/blogs.fu-berlin.de\/bibliotheken\/wp-json\/wp\/v2\/tags?post=13588"}],"curies":[{"name":"wp","href":"https:\/\/api.w.org\/{rel}","templated":true}]}}