{"id":13639,"date":"2013-03-14T10:24:11","date_gmt":"2013-03-14T09:24:11","guid":{"rendered":"https:\/\/blogs.fu-berlin.de\/bibliotheken\/?p=13639"},"modified":"2013-03-18T10:13:50","modified_gmt":"2013-03-18T09:13:50","slug":"ein-bibliothekar-als-papst","status":"publish","type":"post","link":"https:\/\/blogs.fu-berlin.de\/bibliotheken\/2013\/03\/14\/ein-bibliothekar-als-papst\/","title":{"rendered":"Ein Bibliothekar als Papst?"},"content":{"rendered":"<p><a href=\"https:\/\/blogs.fu-berlin.de\/bibliotheken\/files\/2013\/03\/Rauch.jpg\"><img loading=\"lazy\" decoding=\"async\" class=\"alignright size-full wp-image-13640\" src=\"https:\/\/blogs.fu-berlin.de\/bibliotheken\/files\/2013\/03\/Rauch.jpg\" alt=\"\" width=\"120\" height=\"85\" align=\"right\" \/><\/a>Seit gestern ist der argentinische Kardinal Jorge Mario Bergoglio dem emeritierten Benedikt XVI. als Papst Franziskus nachgefolgt. Doch bereits bevor gestern Abend wei\u00dfer Rauch \u00fcber der Sixtinischen Kapelle aufstieg, machten sich via Twitter einige internationale Berufskollegen Gedanken dar\u00fcber, was wohl ein Bibliothekar als Papst besser machen w\u00fcrde. Der Hashtag <a href=\"https:\/\/twitter.com\/search\/realtime?q=%23librarianpope&amp;src=hash\">#librarianpope<\/a> liefert die passenden Antworten. Eine kleine Tweet-Auswahl pr\u00e4sentiert auch das Blog <a href=\"https:\/\/library-mistress.blogspot.de\/2013\/03\/der-papst-ein-bibliothekar-librarianpope.html\">Library Mistress<\/a> <img decoding=\"async\" src=\"https:\/\/blogs.fu-berlin.de\/bibliotheken\/wp-includes\/images\/smilies\/icon_wink.gif\" alt=\";-)\" \/> &#8230;<\/p>\n<h6>Bild: Schwarzer Rauch \u00fcber der Sixtinischen Kapelle bei der Papstwahl 2005 (<a href=\"https:\/\/commons.wikimedia.org\/wiki\/File:Fumo_negro.jpg\">Fotograf: Vdp, Lizenz: PD-self<\/a>)<\/h6>\n<p><strong>Update:<\/strong> Auch <a href=\"https:\/\/www.fu-berlin.de\/campusleben\/campus\/2013\/130314_Neuer_Papst\/index.html\">campus.leben<\/a> hat dem neuen Papst einen Artikel gewidmet.<br \/>\n<strong>Update2:<\/strong> Und in der <a href=\"https:\/\/d-nb.info\/gnd\/1032307897\/about\/html\">Gemeinsamen Normdatei<\/a> der Deutschen Nationalbibliothek existiert bereits ein entsprechender Autorensatz f\u00fcr die zuk\u00fcnftigen Ver\u00f6ffentlichungen von Franziskus (gesehen via <a href=\"https:\/\/lesewolke.wordpress.com\/2013\/03\/18\/gelesen-in-biblioblogs-11-kw13\/\">Lesewolke<\/a>)<\/p>\n","protected":false},"excerpt":{"rendered":"<p>Seit gestern ist der argentinische Kardinal Jorge Mario Bergoglio dem emeritierten Benedikt XVI. als Papst Franziskus nachgefolgt. Doch bereits bevor gestern Abend wei\u00dfer Rauch \u00fcber der Sixtinischen Kapelle aufstieg, machten sich via Twitter einige internationale Berufskollegen Gedanken dar\u00fcber, was wohl ein Bibliothekar als Papst besser machen w\u00fcrde. Der Hashtag #librarianpope liefert die passenden Antworten. Eine &hellip; <a href=\"https:\/\/blogs.fu-berlin.de\/bibliotheken\/2013\/03\/14\/ein-bibliothekar-als-papst\/\" class=\"more-link\"><span class=\"screen-reader-text\">\u201eEin Bibliothekar als Papst?\u201c<\/span> weiterlesen<\/a><\/p>\n","protected":false},"author":293,"featured_media":0,"comment_status":"open","ping_status":"open","sticky":false,"template":"","format":"standard","meta":{"footnotes":""},"categories":[604],"tags":[519,12000],"class_list":["post-13639","post","type-post","status-publish","format-standard","hentry","category-ins-netz-geschaut","tag-library-fun","tag-papstwahl"],"_links":{"self":[{"href":"https:\/\/blogs.fu-berlin.de\/bibliotheken\/wp-json\/wp\/v2\/posts\/13639","targetHints":{"allow":["GET"]}}],"collection":[{"href":"https:\/\/blogs.fu-berlin.de\/bibliotheken\/wp-json\/wp\/v2\/posts"}],"about":[{"href":"https:\/\/blogs.fu-berlin.de\/bibliotheken\/wp-json\/wp\/v2\/types\/post"}],"author":[{"embeddable":true,"href":"https:\/\/blogs.fu-berlin.de\/bibliotheken\/wp-json\/wp\/v2\/users\/293"}],"replies":[{"embeddable":true,"href":"https:\/\/blogs.fu-berlin.de\/bibliotheken\/wp-json\/wp\/v2\/comments?post=13639"}],"version-history":[{"count":7,"href":"https:\/\/blogs.fu-berlin.de\/bibliotheken\/wp-json\/wp\/v2\/posts\/13639\/revisions"}],"predecessor-version":[{"id":13721,"href":"https:\/\/blogs.fu-berlin.de\/bibliotheken\/wp-json\/wp\/v2\/posts\/13639\/revisions\/13721"}],"wp:attachment":[{"href":"https:\/\/blogs.fu-berlin.de\/bibliotheken\/wp-json\/wp\/v2\/media?parent=13639"}],"wp:term":[{"taxonomy":"category","embeddable":true,"href":"https:\/\/blogs.fu-berlin.de\/bibliotheken\/wp-json\/wp\/v2\/categories?post=13639"},{"taxonomy":"post_tag","embeddable":true,"href":"https:\/\/blogs.fu-berlin.de\/bibliotheken\/wp-json\/wp\/v2\/tags?post=13639"}],"curies":[{"name":"wp","href":"https:\/\/api.w.org\/{rel}","templated":true}]}}